{"id":1377,"date":"2019-10-03T09:24:34","date_gmt":"2019-10-03T12:24:34","guid":{"rendered":"https:\/\/incandescente.com.br\/blog\/?p=1377"},"modified":"2023-09-13T18:53:04","modified_gmt":"2023-09-13T21:53:04","slug":"a-importancia-de-ter-uma-boa-criacao-de-identidade-visual","status":"publish","type":"post","link":"https:\/\/incandescente.com.br\/blog\/a-importancia-de-ter-uma-boa-criacao-de-identidade-visual\/","title":{"rendered":"A import\u00e2ncia de ter uma boa cria\u00e7\u00e3o de identidade visual"},"content":{"rendered":"\n<p>Voc\u00ea j\u00e1 sentiu que sua marca n\u00e3o se destaca dos concorrentes no mercado? J\u00e1 parou para pensar que isso talvez esteja acontecendo pela falta de uma boa<strong>&nbsp;cria\u00e7\u00e3o de identidade visual<\/strong>? Mas como saber se esse \u00e9 realmente um problema da sua marca?<\/p>\n\n\n\n<p>Separei algumas quest\u00f5es que s\u00e3o essenciais para que voc\u00ea saiba se tem ou n\u00e3o uma boa&nbsp;<strong>cria\u00e7\u00e3o de identidade visual<\/strong>. Mas antes, caso voc\u00ea n\u00e3o saiba absolutamente nada sobre o assunto, n\u00e3o entre em p\u00e2nico n\u00e3o que eu estou aqui para te ajudar, ok?<\/p>\n\n\n\n<figure><iframe loading=\"lazy\" src=\"https:\/\/giphy.com\/embed\/51Uiuy5QBZNkoF3b2Z\" width=\"477\" height=\"480\" allowfullscreen=\"allowfullscreen\"><\/iframe><\/figure>\n\n\n\n<p><a href=\"https:\/\/giphy.com\/gifs\/mrw-boy-51Uiuy5QBZNkoF3b2Z\">via GIPHY<\/a><\/p>\n\n\n\n<h2 class=\"wp-block-heading\">Afinal, o que \u00e9 identidade visual?<\/h2>\n\n\n\n<p>Quando falamos sobre a&nbsp;<strong>cria\u00e7\u00e3o de identidade visual<\/strong>&nbsp;podemos dizer que \u00e9 a jun\u00e7\u00e3o de todos os elementos que definem e comunicam visualmente a sua marca no mercado: cores, tipografias, formas, imagens, etc.<\/p>\n\n\n\n<p>Mas podemos dizer que identidade visual \u00e9 a mesma coisa que um logotipo? A resposta \u00e9 n\u00e3o.<\/p>\n\n\n\n<p>\u00c9 claro que a cria\u00e7\u00e3o de um logotipo faz parte do processo, assim como os materiais gr\u00e1ficos impressos como, por exemplo, cart\u00f5es de visita e folders, mas uma&nbsp;<strong>cria\u00e7\u00e3o de identidade visual<\/strong>&nbsp;vai muito al\u00e9m disso. Ela \u00e9 a respons\u00e1vel por levar personalidade para a sua marca, atrav\u00e9s de estudos de cores e fontes e uma estrat\u00e9gia visual muito bem definida.<\/p>\n\n\n\n<figure class=\"wp-block-image size-large\"><img loading=\"lazy\" decoding=\"async\" width=\"1024\" height=\"141\" src=\"https:\/\/incandescente.com.br\/blog\/wp-content\/uploads\/2019\/10\/05_CTA-1024x141.png\" alt=\"\" class=\"wp-image-4370\" srcset=\"https:\/\/incandescente.com.br\/blog\/wp-content\/uploads\/2019\/10\/05_CTA-1024x141.png 1024w, https:\/\/incandescente.com.br\/blog\/wp-content\/uploads\/2019\/10\/05_CTA-300x41.png 300w, https:\/\/incandescente.com.br\/blog\/wp-content\/uploads\/2019\/10\/05_CTA-768x106.png 768w, https:\/\/incandescente.com.br\/blog\/wp-content\/uploads\/2019\/10\/05_CTA-1536x211.png 1536w, https:\/\/incandescente.com.br\/blog\/wp-content\/uploads\/2019\/10\/05_CTA-2048x282.png 2048w\" sizes=\"auto, (max-width: 1024px) 100vw, 1024px\" \/><\/figure>\n\n\n\n<h2 class=\"wp-block-heading\">Como saber se a cria\u00e7\u00e3o de identidade da minha marca \u00e9 boa?<\/h2>\n\n\n\n<p>Sua marca \u00e9 facilmente lembrada pelos seus clientes? Ela se comunica da forma correta com o seu p\u00fablico?<\/p>\n\n\n\n<p>\u00c9 sempre bom lembrar que a sua&nbsp;<strong>cria\u00e7\u00e3o de identidade visual<\/strong>&nbsp;vai mostrar claramente com quem a sua marca quer conversar e por isso deve considerar de forma ampla o mercado onde sua empresa est\u00e1 inserida.<\/p>\n\n\n\n<p>Uma empresa voltada para o p\u00fablico infantil, por exemplo, provavelmente apostar\u00e1 em cores mais alegres e fontes mais divertidas ao inv\u00e9s de cores escuras e fontes mais simples.<\/p>\n\n\n\n<p><strong>Leia tamb\u00e9m:&nbsp;<a href=\"https:\/\/incandescente.com.br\/blog\/por-que-criar-uma-persona\/\" target=\"_blank\" rel=\"noreferrer noopener\">Por que criar uma persona para obter resultados em marketing digital?<\/a><\/strong><\/p>\n\n\n\n<p>Al\u00e9m do aspecto visual, todas as cores possuem seus significados e isso \u00e9 algo que pode complementar muito na cria\u00e7\u00e3o de um conceito por tr\u00e1s de uma identidade visual. O azul, por exemplo, \u00e9 visto como uma cor que transmite seguran\u00e7a e confian\u00e7a e por isso \u00e9 frequentemente utilizado para empresas da \u00e1rea da sa\u00fade.<\/p>\n\n\n\n<figure><iframe loading=\"lazy\" src=\"https:\/\/giphy.com\/embed\/322W3VduHG5elXisAh\" width=\"480\" height=\"265\" allowfullscreen=\"allowfullscreen\"><\/iframe><\/figure>\n\n\n\n<p><a href=\"https:\/\/giphy.com\/gifs\/perfect-loops-322W3VduHG5elXisAh\">via GIPHY<\/a><\/p>\n\n\n\n<h2 class=\"wp-block-heading\">Os benef\u00edcios que voc\u00ea vai ter com uma boa cria\u00e7\u00e3o de identidade visual<\/h2>\n\n\n\n<p>Acho que com a explica\u00e7\u00e3o acima ficou f\u00e1cil de perceber o qu\u00e3o importante \u00e9 ter uma boa&nbsp;<strong>cria\u00e7\u00e3o de identidade visual<\/strong>&nbsp;para a sua marca, certo? Caso voc\u00ea ainda tenha d\u00favidas se essa cria\u00e7\u00e3o \u00e9 algo realmente grandioso, lembre-se daquela frase \u201ca primeira impress\u00e3o \u00e9 a que fica\u201d.<\/p>\n\n\n\n<p>A identidade visual \u00e9 a porta de entrada da sua marca, ela \u00e9 a primeira coisa que o seu cliente ver\u00e1 ao entrar em contato com voc\u00ea e por isso deve ser algo memor\u00e1vel e que mostre de forma clara qual \u00e9 o produto ou servi\u00e7o que voc\u00ea oferece.<\/p>\n\n\n\n<p>Para finalizar, aqui v\u00e3o 3 dicas simples que podem ajudar e muito para que a&nbsp;<strong>cria\u00e7\u00e3o de identidade visual<\/strong>&nbsp;da sua marca seja feita da forma correta e o resultado seja incr\u00edvel:<\/p>\n\n\n\n<ol class=\"wp-block-list\">\n<li>Envie o m\u00e1ximo de refer\u00eancias de outros logotipos, imagens, fontes, identidades que voc\u00ea gosta. N\u00e3o importa se \u00e9 do seu segmento ou n\u00e3o, saber dos seus gostos ajuda bastante na cria\u00e7\u00e3o!<\/li>\n\n\n\n<li>Deixe bem claro qual \u00e9 o p\u00fablico com quem voc\u00ea quer falar. Caracter\u00edsticas f\u00edsicas, psicol\u00f3gicas, demogr\u00e1ficas, tudo isso importa!<\/li>\n\n\n\n<li>Comunique qual \u00e9 o tom de voz da sua empresa! \u00c9 uma empresa s\u00e9ria ou despojada? Divertida ou formal? Tecnol\u00f3gica ou conservadora? E lembrando que, neste momento, \u00e9 muito importante levar em considera\u00e7\u00e3o a coer\u00eancia para que n\u00e3o haja confus\u00e3o na hora de definir a imagem da empresa, ok?<\/li>\n<\/ol>\n\n\n\n<p>Se a sua marca \u00e9 reconhecida e lembrada de forma visual pelo seu p\u00fablico saiba que voc\u00ea est\u00e1 no caminho certo! Afinal de contas, se eu te disser sobre a marca que tem uma \u201cma\u00e7\u00e3 mordida\u201d, nem vou precisar citar o nome, n\u00e3o \u00e9 mesmo? Esse \u00e9 o poder de uma boa&nbsp;<strong>cria\u00e7\u00e3o de identidade visual<\/strong>.<\/p>\n\n\n\n<figure><\/figure>\n\n\n\n<p><a href=\"https:\/\/materiais.incandescente.com.br\/lp-centralizadora\"><img loading=\"lazy\" decoding=\"async\" class=\"aligncenter size-full wp-image-3435\" src=\"https:\/\/incandescente.com.br\/blog\/\/wp-content\/uploads\/2017\/02\/BlackBeans_CTA_02.png\" alt=\"Planejamento estrat\u00e9gico: paute a\u00e7\u00f5es e controle resultados\" width=\"1920\" height=\"399\" srcset=\"https:\/\/incandescente.com.br\/blog\/wp-content\/uploads\/2017\/02\/BlackBeans_CTA_02.png 1920w, https:\/\/incandescente.com.br\/blog\/wp-content\/uploads\/2017\/02\/BlackBeans_CTA_02-300x62.png 300w, https:\/\/incandescente.com.br\/blog\/wp-content\/uploads\/2017\/02\/BlackBeans_CTA_02-1024x213.png 1024w, https:\/\/incandescente.com.br\/blog\/wp-content\/uploads\/2017\/02\/BlackBeans_CTA_02-768x160.png 768w, https:\/\/incandescente.com.br\/blog\/wp-content\/uploads\/2017\/02\/BlackBeans_CTA_02-1536x319.png 1536w\" sizes=\"auto, (max-width: 1920px) 100vw, 1920px\" \/><\/a><\/p>\n\n\n\n<p>&nbsp;<\/p>\n\n\n\n<figure class=\"wp-block-image size-large\"><a href=\"https:\/\/materiais.incandescente.com.br\/fale-com-nosso-ceo\" target=\"_blank\" rel=\"noopener\"><img loading=\"lazy\" decoding=\"async\" width=\"1024\" height=\"142\" src=\"https:\/\/incandescente.com.br\/blog\/wp-content\/uploads\/2020\/12\/03_CTA-1-1024x142.png\" alt=\"\" class=\"wp-image-2014\" srcset=\"https:\/\/incandescente.com.br\/blog\/wp-content\/uploads\/2020\/12\/03_CTA-1-1024x142.png 1024w, https:\/\/incandescente.com.br\/blog\/wp-content\/uploads\/2020\/12\/03_CTA-1-300x42.png 300w, https:\/\/incandescente.com.br\/blog\/wp-content\/uploads\/2020\/12\/03_CTA-1-768x107.png 768w, https:\/\/incandescente.com.br\/blog\/wp-content\/uploads\/2020\/12\/03_CTA-1-1536x213.png 1536w, https:\/\/incandescente.com.br\/blog\/wp-content\/uploads\/2020\/12\/03_CTA-1.png 2038w\" sizes=\"auto, (max-width: 1024px) 100vw, 1024px\" \/><\/a><\/figure>\n","protected":false},"excerpt":{"rendered":"<p>Voc\u00ea j\u00e1 sentiu que sua marca n\u00e3o se destaca dos concorrentes no mercado? J\u00e1 parou para pensar que isso talvez esteja acontecendo pela falta de uma boa&nbsp;cria\u00e7\u00e3o de identidade visual? Mas como saber se esse \u00e9 realmente um problema da sua marca? Separei algumas quest\u00f5es que s\u00e3o essenciais para que voc\u00ea saiba se tem ou [&hellip;]<\/p>\n","protected":false},"author":1,"featured_media":1379,"comment_status":"closed","ping_status":"closed","sticky":false,"template":"","format":"standard","meta":{"_uf_show_specific_survey":0,"_uf_disable_surveys":false,"footnotes":""},"categories":[67],"tags":[137,138,139,140],"class_list":["post-1377","post","type-post","status-publish","format-standard","has-post-thumbnail","hentry","category-design","tag-criacao-de-identidade-visual","tag-design","tag-estudo-de-cores","tag-identidade-visual"],"yoast_head":"<!-- This site is optimized with the Yoast SEO plugin v27.4 - https:\/\/yoast.com\/product\/yoast-seo-wordpress\/ -->\n<title>A import\u00e2ncia de ter uma boa cria\u00e7\u00e3o de identidade visual<\/title>\n<meta name=\"description\" content=\"Voc\u00ea j\u00e1 sentiu que sua marca n\u00e3o se destaca dos concorrentes no mercado? J\u00e1 parou para pensar que isso talvez esteja acontecendo pela falta de uma boa cria\u00e7\u00e3o de identidade visual?\" \/>\n<meta name=\"robots\" content=\"index, follow, max-snippet:-1, max-image-preview:large, max-video-preview:-1\" \/>\n<link rel=\"canonical\" href=\"https:\/\/incandescente.com.br\/blog\/a-importancia-de-ter-uma-boa-criacao-de-identidade-visual\/\" \/>\n<meta property=\"og:locale\" content=\"pt_BR\" \/>\n<meta property=\"og:type\" content=\"article\" \/>\n<meta property=\"og:title\" content=\"A import\u00e2ncia de ter uma boa cria\u00e7\u00e3o de identidade visual\" \/>\n<meta property=\"og:description\" content=\"Voc\u00ea j\u00e1 sentiu que sua marca n\u00e3o se destaca dos concorrentes no mercado? J\u00e1 parou para pensar que isso talvez esteja acontecendo pela falta de uma boa cria\u00e7\u00e3o de identidade visual?\" \/>\n<meta property=\"og:url\" content=\"https:\/\/incandescente.com.br\/blog\/a-importancia-de-ter-uma-boa-criacao-de-identidade-visual\/\" \/>\n<meta property=\"og:site_name\" content=\"Blog Ag\u00eancia Incandescente\" \/>\n<meta property=\"article:published_time\" content=\"2019-10-03T12:24:34+00:00\" \/>\n<meta property=\"article:modified_time\" content=\"2023-09-13T21:53:04+00:00\" \/>\n<meta property=\"og:image\" content=\"https:\/\/incandescente.com.br\/blog\/wp-content\/uploads\/2019\/10\/a-importancia-de-ter-uma-boa-criacao-de-identidade-visual.jpg\" \/>\n\t<meta property=\"og:image:width\" content=\"1170\" \/>\n\t<meta property=\"og:image:height\" content=\"570\" \/>\n\t<meta property=\"og:image:type\" content=\"image\/jpeg\" \/>\n<meta name=\"author\" content=\"Ag\u00eancia Incandescente\" \/>\n<meta name=\"twitter:card\" content=\"summary_large_image\" \/>\n<meta name=\"twitter:label1\" content=\"Escrito por\" \/>\n\t<meta name=\"twitter:data1\" content=\"Ag\u00eancia Incandescente\" \/>\n\t<meta name=\"twitter:label2\" content=\"Est. tempo de leitura\" \/>\n\t<meta name=\"twitter:data2\" content=\"5 minutos\" \/>\n<script type=\"application\/ld+json\" class=\"yoast-schema-graph\">{\"@context\":\"https:\\\/\\\/schema.org\",\"@graph\":[{\"@type\":\"Article\",\"@id\":\"https:\\\/\\\/incandescente.com.br\\\/blog\\\/a-importancia-de-ter-uma-boa-criacao-de-identidade-visual\\\/#article\",\"isPartOf\":{\"@id\":\"https:\\\/\\\/incandescente.com.br\\\/blog\\\/a-importancia-de-ter-uma-boa-criacao-de-identidade-visual\\\/\"},\"author\":{\"name\":\"Ag\u00eancia Incandescente\",\"@id\":\"https:\\\/\\\/incandescente.com.br\\\/blog\\\/#\\\/schema\\\/person\\\/b4d9bfd0253f0cd4d63bfa5b64644fce\"},\"headline\":\"A import\u00e2ncia de ter uma boa cria\u00e7\u00e3o de identidade visual\",\"datePublished\":\"2019-10-03T12:24:34+00:00\",\"dateModified\":\"2023-09-13T21:53:04+00:00\",\"mainEntityOfPage\":{\"@id\":\"https:\\\/\\\/incandescente.com.br\\\/blog\\\/a-importancia-de-ter-uma-boa-criacao-de-identidade-visual\\\/\"},\"wordCount\":732,\"publisher\":{\"@id\":\"https:\\\/\\\/incandescente.com.br\\\/blog\\\/#organization\"},\"image\":{\"@id\":\"https:\\\/\\\/incandescente.com.br\\\/blog\\\/a-importancia-de-ter-uma-boa-criacao-de-identidade-visual\\\/#primaryimage\"},\"thumbnailUrl\":\"https:\\\/\\\/incandescente.com.br\\\/blog\\\/wp-content\\\/uploads\\\/2019\\\/10\\\/a-importancia-de-ter-uma-boa-criacao-de-identidade-visual.jpg\",\"keywords\":[\"cria\u00e7\u00e3o de identidade visual\",\"design\",\"estudo de cores\",\"identidade visual\"],\"articleSection\":[\"Design\"],\"inLanguage\":\"pt-BR\"},{\"@type\":\"WebPage\",\"@id\":\"https:\\\/\\\/incandescente.com.br\\\/blog\\\/a-importancia-de-ter-uma-boa-criacao-de-identidade-visual\\\/\",\"url\":\"https:\\\/\\\/incandescente.com.br\\\/blog\\\/a-importancia-de-ter-uma-boa-criacao-de-identidade-visual\\\/\",\"name\":\"A import\u00e2ncia de ter uma boa cria\u00e7\u00e3o de identidade visual\",\"isPartOf\":{\"@id\":\"https:\\\/\\\/incandescente.com.br\\\/blog\\\/#website\"},\"primaryImageOfPage\":{\"@id\":\"https:\\\/\\\/incandescente.com.br\\\/blog\\\/a-importancia-de-ter-uma-boa-criacao-de-identidade-visual\\\/#primaryimage\"},\"image\":{\"@id\":\"https:\\\/\\\/incandescente.com.br\\\/blog\\\/a-importancia-de-ter-uma-boa-criacao-de-identidade-visual\\\/#primaryimage\"},\"thumbnailUrl\":\"https:\\\/\\\/incandescente.com.br\\\/blog\\\/wp-content\\\/uploads\\\/2019\\\/10\\\/a-importancia-de-ter-uma-boa-criacao-de-identidade-visual.jpg\",\"datePublished\":\"2019-10-03T12:24:34+00:00\",\"dateModified\":\"2023-09-13T21:53:04+00:00\",\"description\":\"Voc\u00ea j\u00e1 sentiu que sua marca n\u00e3o se destaca dos concorrentes no mercado? J\u00e1 parou para pensar que isso talvez esteja acontecendo pela falta de uma boa cria\u00e7\u00e3o de identidade visual?\",\"breadcrumb\":{\"@id\":\"https:\\\/\\\/incandescente.com.br\\\/blog\\\/a-importancia-de-ter-uma-boa-criacao-de-identidade-visual\\\/#breadcrumb\"},\"inLanguage\":\"pt-BR\",\"potentialAction\":[{\"@type\":\"ReadAction\",\"target\":[\"https:\\\/\\\/incandescente.com.br\\\/blog\\\/a-importancia-de-ter-uma-boa-criacao-de-identidade-visual\\\/\"]}]},{\"@type\":\"ImageObject\",\"inLanguage\":\"pt-BR\",\"@id\":\"https:\\\/\\\/incandescente.com.br\\\/blog\\\/a-importancia-de-ter-uma-boa-criacao-de-identidade-visual\\\/#primaryimage\",\"url\":\"https:\\\/\\\/incandescente.com.br\\\/blog\\\/wp-content\\\/uploads\\\/2019\\\/10\\\/a-importancia-de-ter-uma-boa-criacao-de-identidade-visual.jpg\",\"contentUrl\":\"https:\\\/\\\/incandescente.com.br\\\/blog\\\/wp-content\\\/uploads\\\/2019\\\/10\\\/a-importancia-de-ter-uma-boa-criacao-de-identidade-visual.jpg\",\"width\":1170,\"height\":570},{\"@type\":\"BreadcrumbList\",\"@id\":\"https:\\\/\\\/incandescente.com.br\\\/blog\\\/a-importancia-de-ter-uma-boa-criacao-de-identidade-visual\\\/#breadcrumb\",\"itemListElement\":[{\"@type\":\"ListItem\",\"position\":1,\"name\":\"In\u00edcio\",\"item\":\"https:\\\/\\\/incandescente.com.br\\\/blog\\\/\"},{\"@type\":\"ListItem\",\"position\":2,\"name\":\"A import\u00e2ncia de ter uma boa cria\u00e7\u00e3o de identidade visual\"}]},{\"@type\":\"WebSite\",\"@id\":\"https:\\\/\\\/incandescente.com.br\\\/blog\\\/#website\",\"url\":\"https:\\\/\\\/incandescente.com.br\\\/blog\\\/\",\"name\":\"Blog Ag\u00eancia Incandescente\",\"description\":\"Conte\u00fados de Marketing Digital e Inbound Marketing.\",\"publisher\":{\"@id\":\"https:\\\/\\\/incandescente.com.br\\\/blog\\\/#organization\"},\"potentialAction\":[{\"@type\":\"SearchAction\",\"target\":{\"@type\":\"EntryPoint\",\"urlTemplate\":\"https:\\\/\\\/incandescente.com.br\\\/blog\\\/?s={search_term_string}\"},\"query-input\":{\"@type\":\"PropertyValueSpecification\",\"valueRequired\":true,\"valueName\":\"search_term_string\"}}],\"inLanguage\":\"pt-BR\"},{\"@type\":\"Organization\",\"@id\":\"https:\\\/\\\/incandescente.com.br\\\/blog\\\/#organization\",\"name\":\"Blog Ag\u00eancia Incandescente\",\"alternateName\":\"Ag\u00eancia Incandescente\",\"url\":\"https:\\\/\\\/incandescente.com.br\\\/blog\\\/\",\"logo\":{\"@type\":\"ImageObject\",\"inLanguage\":\"pt-BR\",\"@id\":\"https:\\\/\\\/incandescente.com.br\\\/blog\\\/#\\\/schema\\\/logo\\\/image\\\/\",\"url\":\"https:\\\/\\\/incandescente.com.br\\\/blog\\\/wp-content\\\/uploads\\\/2023\\\/10\\\/logo-incand.png\",\"contentUrl\":\"https:\\\/\\\/incandescente.com.br\\\/blog\\\/wp-content\\\/uploads\\\/2023\\\/10\\\/logo-incand.png\",\"width\":1501,\"height\":294,\"caption\":\"Blog Ag\u00eancia Incandescente\"},\"image\":{\"@id\":\"https:\\\/\\\/incandescente.com.br\\\/blog\\\/#\\\/schema\\\/logo\\\/image\\\/\"}},{\"@type\":\"Person\",\"@id\":\"https:\\\/\\\/incandescente.com.br\\\/blog\\\/#\\\/schema\\\/person\\\/b4d9bfd0253f0cd4d63bfa5b64644fce\",\"name\":\"Ag\u00eancia Incandescente\",\"image\":{\"@type\":\"ImageObject\",\"inLanguage\":\"pt-BR\",\"@id\":\"https:\\\/\\\/secure.gravatar.com\\\/avatar\\\/4be7b716693920f4cf8ecb21b332e272427e6bb537e2e9398459f0b1d3c24bc8?s=96&d=wp_user_avatar&r=g\",\"url\":\"https:\\\/\\\/secure.gravatar.com\\\/avatar\\\/4be7b716693920f4cf8ecb21b332e272427e6bb537e2e9398459f0b1d3c24bc8?s=96&d=wp_user_avatar&r=g\",\"contentUrl\":\"https:\\\/\\\/secure.gravatar.com\\\/avatar\\\/4be7b716693920f4cf8ecb21b332e272427e6bb537e2e9398459f0b1d3c24bc8?s=96&d=wp_user_avatar&r=g\",\"caption\":\"Ag\u00eancia Incandescente\"},\"description\":\"A Incandescente \u00e9 uma ag\u00eancia de marketing digital no ABC, que desenvolve estrat\u00e9gias consistentes para que sua empresa se comunique e proporcione experi\u00eancias para o seu potencial cliente, com a participa\u00e7\u00e3o efetiva do seu time de vendas.\",\"url\":\"https:\\\/\\\/incandescente.com.br\\\/blog\\\/autor\\\/blogincand-admin\\\/\"}]}<\/script>\n<!-- \/ Yoast SEO plugin. -->","yoast_head_json":{"title":"A import\u00e2ncia de ter uma boa cria\u00e7\u00e3o de identidade visual","description":"Voc\u00ea j\u00e1 sentiu que sua marca n\u00e3o se destaca dos concorrentes no mercado? J\u00e1 parou para pensar que isso talvez esteja acontecendo pela falta de uma boa cria\u00e7\u00e3o de identidade visual?","robots":{"index":"index","follow":"follow","max-snippet":"max-snippet:-1","max-image-preview":"max-image-preview:large","max-video-preview":"max-video-preview:-1"},"canonical":"https:\/\/incandescente.com.br\/blog\/a-importancia-de-ter-uma-boa-criacao-de-identidade-visual\/","og_locale":"pt_BR","og_type":"article","og_title":"A import\u00e2ncia de ter uma boa cria\u00e7\u00e3o de identidade visual","og_description":"Voc\u00ea j\u00e1 sentiu que sua marca n\u00e3o se destaca dos concorrentes no mercado? J\u00e1 parou para pensar que isso talvez esteja acontecendo pela falta de uma boa cria\u00e7\u00e3o de identidade visual?","og_url":"https:\/\/incandescente.com.br\/blog\/a-importancia-de-ter-uma-boa-criacao-de-identidade-visual\/","og_site_name":"Blog Ag\u00eancia Incandescente","article_published_time":"2019-10-03T12:24:34+00:00","article_modified_time":"2023-09-13T21:53:04+00:00","og_image":[{"width":1170,"height":570,"url":"https:\/\/incandescente.com.br\/blog\/wp-content\/uploads\/2019\/10\/a-importancia-de-ter-uma-boa-criacao-de-identidade-visual.jpg","type":"image\/jpeg"}],"author":"Ag\u00eancia Incandescente","twitter_card":"summary_large_image","twitter_misc":{"Escrito por":"Ag\u00eancia Incandescente","Est. tempo de leitura":"5 minutos"},"schema":{"@context":"https:\/\/schema.org","@graph":[{"@type":"Article","@id":"https:\/\/incandescente.com.br\/blog\/a-importancia-de-ter-uma-boa-criacao-de-identidade-visual\/#article","isPartOf":{"@id":"https:\/\/incandescente.com.br\/blog\/a-importancia-de-ter-uma-boa-criacao-de-identidade-visual\/"},"author":{"name":"Ag\u00eancia Incandescente","@id":"https:\/\/incandescente.com.br\/blog\/#\/schema\/person\/b4d9bfd0253f0cd4d63bfa5b64644fce"},"headline":"A import\u00e2ncia de ter uma boa cria\u00e7\u00e3o de identidade visual","datePublished":"2019-10-03T12:24:34+00:00","dateModified":"2023-09-13T21:53:04+00:00","mainEntityOfPage":{"@id":"https:\/\/incandescente.com.br\/blog\/a-importancia-de-ter-uma-boa-criacao-de-identidade-visual\/"},"wordCount":732,"publisher":{"@id":"https:\/\/incandescente.com.br\/blog\/#organization"},"image":{"@id":"https:\/\/incandescente.com.br\/blog\/a-importancia-de-ter-uma-boa-criacao-de-identidade-visual\/#primaryimage"},"thumbnailUrl":"https:\/\/incandescente.com.br\/blog\/wp-content\/uploads\/2019\/10\/a-importancia-de-ter-uma-boa-criacao-de-identidade-visual.jpg","keywords":["cria\u00e7\u00e3o de identidade visual","design","estudo de cores","identidade visual"],"articleSection":["Design"],"inLanguage":"pt-BR"},{"@type":"WebPage","@id":"https:\/\/incandescente.com.br\/blog\/a-importancia-de-ter-uma-boa-criacao-de-identidade-visual\/","url":"https:\/\/incandescente.com.br\/blog\/a-importancia-de-ter-uma-boa-criacao-de-identidade-visual\/","name":"A import\u00e2ncia de ter uma boa cria\u00e7\u00e3o de identidade visual","isPartOf":{"@id":"https:\/\/incandescente.com.br\/blog\/#website"},"primaryImageOfPage":{"@id":"https:\/\/incandescente.com.br\/blog\/a-importancia-de-ter-uma-boa-criacao-de-identidade-visual\/#primaryimage"},"image":{"@id":"https:\/\/incandescente.com.br\/blog\/a-importancia-de-ter-uma-boa-criacao-de-identidade-visual\/#primaryimage"},"thumbnailUrl":"https:\/\/incandescente.com.br\/blog\/wp-content\/uploads\/2019\/10\/a-importancia-de-ter-uma-boa-criacao-de-identidade-visual.jpg","datePublished":"2019-10-03T12:24:34+00:00","dateModified":"2023-09-13T21:53:04+00:00","description":"Voc\u00ea j\u00e1 sentiu que sua marca n\u00e3o se destaca dos concorrentes no mercado? J\u00e1 parou para pensar que isso talvez esteja acontecendo pela falta de uma boa cria\u00e7\u00e3o de identidade visual?","breadcrumb":{"@id":"https:\/\/incandescente.com.br\/blog\/a-importancia-de-ter-uma-boa-criacao-de-identidade-visual\/#breadcrumb"},"inLanguage":"pt-BR","potentialAction":[{"@type":"ReadAction","target":["https:\/\/incandescente.com.br\/blog\/a-importancia-de-ter-uma-boa-criacao-de-identidade-visual\/"]}]},{"@type":"ImageObject","inLanguage":"pt-BR","@id":"https:\/\/incandescente.com.br\/blog\/a-importancia-de-ter-uma-boa-criacao-de-identidade-visual\/#primaryimage","url":"https:\/\/incandescente.com.br\/blog\/wp-content\/uploads\/2019\/10\/a-importancia-de-ter-uma-boa-criacao-de-identidade-visual.jpg","contentUrl":"https:\/\/incandescente.com.br\/blog\/wp-content\/uploads\/2019\/10\/a-importancia-de-ter-uma-boa-criacao-de-identidade-visual.jpg","width":1170,"height":570},{"@type":"BreadcrumbList","@id":"https:\/\/incandescente.com.br\/blog\/a-importancia-de-ter-uma-boa-criacao-de-identidade-visual\/#breadcrumb","itemListElement":[{"@type":"ListItem","position":1,"name":"In\u00edcio","item":"https:\/\/incandescente.com.br\/blog\/"},{"@type":"ListItem","position":2,"name":"A import\u00e2ncia de ter uma boa cria\u00e7\u00e3o de identidade visual"}]},{"@type":"WebSite","@id":"https:\/\/incandescente.com.br\/blog\/#website","url":"https:\/\/incandescente.com.br\/blog\/","name":"Blog Ag\u00eancia Incandescente","description":"Conte\u00fados de Marketing Digital e Inbound Marketing.","publisher":{"@id":"https:\/\/incandescente.com.br\/blog\/#organization"},"potentialAction":[{"@type":"SearchAction","target":{"@type":"EntryPoint","urlTemplate":"https:\/\/incandescente.com.br\/blog\/?s={search_term_string}"},"query-input":{"@type":"PropertyValueSpecification","valueRequired":true,"valueName":"search_term_string"}}],"inLanguage":"pt-BR"},{"@type":"Organization","@id":"https:\/\/incandescente.com.br\/blog\/#organization","name":"Blog Ag\u00eancia Incandescente","alternateName":"Ag\u00eancia Incandescente","url":"https:\/\/incandescente.com.br\/blog\/","logo":{"@type":"ImageObject","inLanguage":"pt-BR","@id":"https:\/\/incandescente.com.br\/blog\/#\/schema\/logo\/image\/","url":"https:\/\/incandescente.com.br\/blog\/wp-content\/uploads\/2023\/10\/logo-incand.png","contentUrl":"https:\/\/incandescente.com.br\/blog\/wp-content\/uploads\/2023\/10\/logo-incand.png","width":1501,"height":294,"caption":"Blog Ag\u00eancia Incandescente"},"image":{"@id":"https:\/\/incandescente.com.br\/blog\/#\/schema\/logo\/image\/"}},{"@type":"Person","@id":"https:\/\/incandescente.com.br\/blog\/#\/schema\/person\/b4d9bfd0253f0cd4d63bfa5b64644fce","name":"Ag\u00eancia Incandescente","image":{"@type":"ImageObject","inLanguage":"pt-BR","@id":"https:\/\/secure.gravatar.com\/avatar\/4be7b716693920f4cf8ecb21b332e272427e6bb537e2e9398459f0b1d3c24bc8?s=96&d=wp_user_avatar&r=g","url":"https:\/\/secure.gravatar.com\/avatar\/4be7b716693920f4cf8ecb21b332e272427e6bb537e2e9398459f0b1d3c24bc8?s=96&d=wp_user_avatar&r=g","contentUrl":"https:\/\/secure.gravatar.com\/avatar\/4be7b716693920f4cf8ecb21b332e272427e6bb537e2e9398459f0b1d3c24bc8?s=96&d=wp_user_avatar&r=g","caption":"Ag\u00eancia Incandescente"},"description":"A Incandescente \u00e9 uma ag\u00eancia de marketing digital no ABC, que desenvolve estrat\u00e9gias consistentes para que sua empresa se comunique e proporcione experi\u00eancias para o seu potencial cliente, com a participa\u00e7\u00e3o efetiva do seu time de vendas.","url":"https:\/\/incandescente.com.br\/blog\/autor\/blogincand-admin\/"}]}},"_links":{"self":[{"href":"https:\/\/incandescente.com.br\/blog\/wp-json\/wp\/v2\/posts\/1377","targetHints":{"allow":["GET"]}}],"collection":[{"href":"https:\/\/incandescente.com.br\/blog\/wp-json\/wp\/v2\/posts"}],"about":[{"href":"https:\/\/incandescente.com.br\/blog\/wp-json\/wp\/v2\/types\/post"}],"author":[{"embeddable":true,"href":"https:\/\/incandescente.com.br\/blog\/wp-json\/wp\/v2\/users\/1"}],"replies":[{"embeddable":true,"href":"https:\/\/incandescente.com.br\/blog\/wp-json\/wp\/v2\/comments?post=1377"}],"version-history":[{"count":2,"href":"https:\/\/incandescente.com.br\/blog\/wp-json\/wp\/v2\/posts\/1377\/revisions"}],"predecessor-version":[{"id":4372,"href":"https:\/\/incandescente.com.br\/blog\/wp-json\/wp\/v2\/posts\/1377\/revisions\/4372"}],"wp:featuredmedia":[{"embeddable":true,"href":"https:\/\/incandescente.com.br\/blog\/wp-json\/wp\/v2\/media\/1379"}],"wp:attachment":[{"href":"https:\/\/incandescente.com.br\/blog\/wp-json\/wp\/v2\/media?parent=1377"}],"wp:term":[{"taxonomy":"category","embeddable":true,"href":"https:\/\/incandescente.com.br\/blog\/wp-json\/wp\/v2\/categories?post=1377"},{"taxonomy":"post_tag","embeddable":true,"href":"https:\/\/incandescente.com.br\/blog\/wp-json\/wp\/v2\/tags?post=1377"}],"curies":[{"name":"wp","href":"https:\/\/api.w.org\/{rel}","templated":true}]}}