{"id":1940,"date":"2020-11-13T16:40:55","date_gmt":"2020-11-13T19:40:55","guid":{"rendered":"https:\/\/incandescente.com.br\/blog\/?p=1940"},"modified":"2020-11-13T16:40:55","modified_gmt":"2020-11-13T19:40:55","slug":"3-workshop-de-marketing-e-venda","status":"publish","type":"post","link":"https:\/\/incandescente.com.br\/blog\/3-workshop-de-marketing-e-venda\/","title":{"rendered":"3\u00ba Workshop de Marketing e Vendas da Incandescente: Ressignificando o cen\u00e1rio digital"},"content":{"rendered":"\n<p>A Ag\u00eancia Incandescente realizou o 3\u00ba Workshop de Marketing\ne Vendas no dia 22 de outubro, em uma edi\u00e7\u00e3o especial 100% online, com grandes\nnomes do mercado em palestras ao vivo. Al\u00e9m disso, desenvolvemos uma a\u00e7\u00e3o para arrecadar\nfundos para duas institui\u00e7\u00f5es na regi\u00e3o do ABC: O Lar do Pequeno Le\u00e3o e o Grupo\nBartho Prote\u00e7\u00e3o Animal. <\/p>\n\n\n\n<p>O Workshop foi comandado do come\u00e7o ao fim pelo CEO da\nag\u00eancia, Vinicius Lucio, e contou com a presen\u00e7a de profissionais especialistas\nem marketing, vendas e na transforma\u00e7\u00e3o do mundo digital, que vivenciam o dia a\ndia da \u00e1rea: Arthur Igreja, Cristiano Santos, Sandra Turchi, Hugo Santos, Caio\nVidal, Ben\u00edcio Filho e Soraia Schutel. <\/p>\n\n\n\n<p>O evento foi realizado em um momento de ressignifica\u00e7\u00e3o devido\n\u00e0 pandemia e a Incandescente prop\u00f4s um formato adaptado, totalmente online,\npara o 3\u00ba Workshop e contabilizou mais de 300 inscritos.<\/p>\n\n\n\n<p>Foi necess\u00e1ria uma longa prepara\u00e7\u00e3o de toda a equipe para\ngarantir o sucesso do evento e tornar a experi\u00eancia \u00fanica, imersiva e\ntransformadora, com troca de insights e networking entre os participantes. <\/p>\n\n\n\n<h2 class=\"wp-block-heading\">Palestrantes: o que cada profissional trouxe para o workshop? <\/h2>\n\n\n\n<p>Ao longo de quase 7 horas de evento, os profissionais\nconvidados a palestrar deram um verdadeiro \u201cshow\u201d: trouxeram conte\u00fados\noriginais, inovadores, com dicas preciosas para aplicar nos neg\u00f3cios, lembrando\nsempre do lado humano de quem est\u00e1 por tr\u00e1s de cada empresa. <\/p>\n\n\n\n<h3 class=\"wp-block-heading\">Caio Vidal<\/h3>\n\n\n\n<p>Caio Vidal, coordenador de vendas da Resultados Digitais,\ntrouxe a palestra: \u201cComo montar e gerenciar um time de vendas de sucesso\u201d. H\u00e1 7\nanos no mercado de marketing digital, ag\u00eancias e tecnologia e h\u00e1 13 anos em\nvendas, Caio trouxe a import\u00e2ncia do foco em gest\u00e3o de pessoas para um time\nalinhado e motivado.<\/p>\n\n\n\n<p>Segundo ele, h\u00e1 uma s\u00e9rie de fatores que fazem uma equipe de\nvendas ser bem-sucedida, incluindo processos, pessoas e tecnologia, como ter um\nfunil de vendas claro e bem estruturado, entendendo a jornada do consumidor,\nrealizar a an\u00e1lise de dados\/indicadores, entre outros.<\/p>\n\n\n\n<p>Realizar a contrata\u00e7\u00e3o no momento certo, de acordo com o perfil\ne necessidades da empresa, al\u00e9m de investir em treinamento \u00e9 essencial. Um bom\ntime de vendas precisa, principalmente, bater metas! <\/p>\n\n\n\n<p>Tudo isso lembrando sempre de uma parte importante:\nmarketing e vendas precisam andar juntos: \u201cEu tenho uma analogia que diz:\nmarketing \u00e9 bola na \u00e1rea e vendas \u00e9 bola no gol\u201d, disse Caio. <\/p>\n\n\n\n<figure class=\"wp-block-image size-large\"><a href=\"https:\/\/www.incandescente.com.br\/cases\" target=\"_blank\" rel=\"noopener\"><img loading=\"lazy\" decoding=\"async\" width=\"1024\" height=\"141\" src=\"https:\/\/incandescente.com.br\/blog\/wp-content\/uploads\/2020\/12\/05_CTA-1024x141.png\" alt=\"\" class=\"wp-image-2018\" srcset=\"https:\/\/incandescente.com.br\/blog\/wp-content\/uploads\/2020\/12\/05_CTA-1024x141.png 1024w, https:\/\/incandescente.com.br\/blog\/wp-content\/uploads\/2020\/12\/05_CTA-300x41.png 300w, https:\/\/incandescente.com.br\/blog\/wp-content\/uploads\/2020\/12\/05_CTA-768x106.png 768w, https:\/\/incandescente.com.br\/blog\/wp-content\/uploads\/2020\/12\/05_CTA-1536x211.png 1536w, https:\/\/incandescente.com.br\/blog\/wp-content\/uploads\/2020\/12\/05_CTA-2048x282.png 2048w\" sizes=\"auto, (max-width: 1024px) 100vw, 1024px\" \/><\/a><\/figure>\n\n\n\n<h3 class=\"wp-block-heading\">Hugo Santos<\/h3>\n\n\n\n<p>Hugo Santos trouxe o tema \u201cPor que \u00e9 complicado se comunicar\nnas redes sociais?\u201d. Ele \u00e9 palestrante, professor e head de marketing, com\nextensa atua\u00e7\u00e3o em marketing e vendas. <\/p>\n\n\n\n<p>Hugo levantou a percep\u00e7\u00e3o de que os meios de comunica\u00e7\u00e3o\nonline tomaram conta das nossas vidas: lidamos diariamente com uma quantidade\nde ferramentas enorme, que demandam nossa aten\u00e7\u00e3o. <\/p>\n\n\n\n<p>Mas ainda \u00e9 preciso lembrar de um fator essencial: somos\nseres humanos, com caracter\u00edsticas \u00fanicas e reagimos de forma diferente a cada\nintera\u00e7\u00e3o: \u201cN\u00f3s, seres humanos, somos seres sociais\u201d, disse o palestrante. E\ncomo lidar com esse cen\u00e1rio e lidar com o consumidor 4.0?<\/p>\n\n\n\n<p>Segundo Hugo, h\u00e1 algumas dicas preciosas que fazem a\ndiferen\u00e7a: colocar o positivismo em pr\u00e1tica no meio digital, compreender a\nmensagem do usu\u00e1rio (ouvir primeiro, para depois responder com o posicionamento\ncerto), entre outros. <\/p>\n\n\n\n<h3 class=\"wp-block-heading\">Sandra Turchi<\/h3>\n\n\n\n<p>Sandra Turchi \u00e9 CEO da Digitalents e trouxe um tema crucial\nnos dias de hoje: \u201cTransforma\u00e7\u00e3o Digital\u201d. Segundo Sandra, essa transforma\u00e7\u00e3o\nvai muito al\u00e9m da tecnologia e envolve, principalmente, as pessoas. <\/p>\n\n\n\n<p>A palestrante levanta o ponto que norteou todas as palestras\ndo workshop: o lado humano do meio digital. Al\u00e9m disso, levantou alguns passos\npara uma empresa que deseja se inserir neste cen\u00e1rio, como buscar conhecimento\nsobre as novas tecnologias, reinventar o mindset e revisar processos e m\u00e9todos:\n\u201cSe n\u00e3o mudarmos a forma como fazemos as coisas, nenhuma transforma\u00e7\u00e3o vai\nacontecer.\u201d<\/p>\n\n\n\n<p>Sandra ainda trouxe algumas tend\u00eancias para o mundo dos\nneg\u00f3cios, assim como exemplos de que a transforma\u00e7\u00e3o est\u00e1 em todos os cantos,\nat\u00e9 nos modelos de trabalho, que est\u00e3o se reinventando. <\/p>\n\n\n\n<h3 class=\"wp-block-heading\">Arthur Igreja<\/h3>\n\n\n\n<p>Arthur Igreja trouxe o tema: \u201cO seu neg\u00f3cio depois do\ncoronav\u00edrus\u201d. Palestrante com mais de 150 palestras ao ano, \u00e9 autor do livro\n\u201cConveni\u00eancia \u00e9 o nome do neg\u00f3cio\u201d, Arthur levantou pontos importantes que se\ndestacaram nesse cen\u00e1rio de pandemia.<\/p>\n\n\n\n<p>Ele ainda apontou tend\u00eancias, como o \u201cdesbloqueio de valor\u201d,\ncom comportamentos e novos modelos de neg\u00f3cio surgindo em meio a esse contexto,\nincluindo setores com alta capacidade de despontar muito nos pr\u00f3ximos\nmeses\/anos, como a telemedicina.<\/p>\n\n\n\n<p>Impulsionados pela necessidade de se adaptar em meio \u00e0\npandemia, muitas empresas se viram mudando e inserindo processos na\ntransforma\u00e7\u00e3o digital. <\/p>\n\n\n\n<h3 class=\"wp-block-heading\">Cristiano Santos<\/h3>\n\n\n\n<p>Cristiano Santos \u00e9 palestrante, jornalista e idealizador do\ngrupo \u201cLinkedIn Brasil \u2013 de A a Z\u201d, no Facebook. Ele trouxe o tema: \u201cLinkedIn de\nA a Z: Estrat\u00e9gias de gest\u00e3o de conte\u00fado, autoridade e neg\u00f3cios.\u201d<\/p>\n\n\n\n<p>Em uma palestra interativa e din\u00e2mica, Cristiano deu dicas\nincr\u00edveis para dominar o LinkedIn e explorar o melhor que essa rede social tem\na oferecer, tanto para empresas quanto pessoas, como ter um perfil pessoal\ncompleto. <\/p>\n\n\n\n<p>Cristiano refor\u00e7ou a import\u00e2ncia do conte\u00fado de qualidade: o\nLinkedIn demanda conte\u00fados relevantes, bem estruturados, al\u00e9m de habilidades\nessenciais para quem deseja se destacar nesse cen\u00e1rio, como lidar com pessoas:<\/p>\n\n\n\n<p>\u201cO LinkedIn n\u00e3o \u00e9 para mostrar quem voc\u00ea foi, mas sim quem\nvoc\u00ea \u00e9!\u201d<\/p>\n\n\n\n<h3 class=\"wp-block-heading\">Ben\u00edcio Filho e Soraia Schutel<\/h3>\n\n\n\n<p>Ben\u00edcio Filho \u00e9 palestrante e cofundador da Atlantic Hub.\nSoraia Schutel \u00e9 cofundadora da Sonata Brasil. Juntos, eles trouxeram o tema:\n\u201cComo o digital est\u00e1 influenciando o ser humano?\u201d<\/p>\n\n\n\n<p>Os palestrantes lembraram que somos seres soci\u00e1veis por\nnatureza, que precisam de intera\u00e7\u00f5es, citando at\u00e9 mesmo nossa evolu\u00e7\u00e3o ao longo\nde centenas de anos: \u201cSer\u00e1 que o que nos trouxe at\u00e9 hoje foi a adapta\u00e7\u00e3o ou no\nnosso amor pela esp\u00e9cie?\u201d, disse Soraia.<\/p>\n\n\n\n<p>Ben\u00edcio e Soraia tamb\u00e9m citaram que em um momento cada vez\nmais tecnol\u00f3gico, a voz da humanidade precisa ser expandida, para n\u00e3o\nesquecermos quem somos e de onde viemos. \u00c9 sobre intera\u00e7\u00f5es genu\u00ednas e n\u00e3o\napenas sobre os algoritmos que regem as redes. <\/p>\n\n\n\n<p>O evento foi encerrado com um sorteio, como um Curso de\nMarketing Digital Completo pela Digicad. Al\u00e9m de um cupom de 15% de desconto do\nMlabs, Treinamento Online de marketing pela RD University e um Diagn\u00f3stico de\nT.I pela Ravel Tecnologia.<\/p>\n\n\n\n<p>Se quiser conversar com nosso time e levar parte desses conte\u00fados para sua empresa fale com nossos profissionais de vendas <a href=\"https:\/\/materiais.incandescente.com.br\/quero-vender-mais\">aqui<\/a> para alinharmos uma estrat\u00e9gia de marketing de conte\u00fado na sua organiza\u00e7\u00e3o. <\/p>\n\n\n\n<figure class=\"wp-block-image size-large\"><a href=\"https:\/\/materiais.incandescente.com.br\/fale-com-nosso-ceo\" target=\"_blank\" rel=\"noopener\"><img loading=\"lazy\" decoding=\"async\" width=\"1024\" height=\"142\" src=\"https:\/\/incandescente.com.br\/blog\/wp-content\/uploads\/2020\/12\/03_CTA-1-1024x142.png\" alt=\"\" class=\"wp-image-2014\" srcset=\"https:\/\/incandescente.com.br\/blog\/wp-content\/uploads\/2020\/12\/03_CTA-1-1024x142.png 1024w, https:\/\/incandescente.com.br\/blog\/wp-content\/uploads\/2020\/12\/03_CTA-1-300x42.png 300w, https:\/\/incandescente.com.br\/blog\/wp-content\/uploads\/2020\/12\/03_CTA-1-768x107.png 768w, https:\/\/incandescente.com.br\/blog\/wp-content\/uploads\/2020\/12\/03_CTA-1-1536x213.png 1536w, https:\/\/incandescente.com.br\/blog\/wp-content\/uploads\/2020\/12\/03_CTA-1.png 2038w\" sizes=\"auto, (max-width: 1024px) 100vw, 1024px\" \/><\/a><\/figure>\n","protected":false},"excerpt":{"rendered":"<p>A Ag\u00eancia Incandescente realizou o 3\u00ba Workshop de Marketing e Vendas no dia 22 de outubro, em uma edi\u00e7\u00e3o especial 100% online, com grandes nomes do mercado em palestras ao vivo. Al\u00e9m disso, desenvolvemos uma a\u00e7\u00e3o para arrecadar fundos para duas institui\u00e7\u00f5es na regi\u00e3o do ABC: O Lar do Pequeno Le\u00e3o e o Grupo Bartho [&hellip;]<\/p>\n","protected":false},"author":1,"featured_media":1942,"comment_status":"closed","ping_status":"closed","sticky":false,"template":"","format":"standard","meta":{"_uf_show_specific_survey":0,"_uf_disable_surveys":false,"footnotes":""},"categories":[3],"tags":[259,260,11,261],"class_list":["post-1940","post","type-post","status-publish","format-standard","has-post-thumbnail","hentry","category-marketing-digital","tag-3o-workshop-de-marketing-e-vendas","tag-evento-da-incandescente","tag-marketing-e-vendas","tag-transformacao-digital"],"yoast_head":"<!-- This site is optimized with the Yoast SEO plugin v27.4 - https:\/\/yoast.com\/product\/yoast-seo-wordpress\/ -->\n<title>3\u00ba Workshop de Marketing e Vendas da Incandescente: Ressignificando o cen\u00e1rio digital<\/title>\n<meta name=\"description\" content=\"O 3\u00ba Workshop de Marketing e Vendas da Incandescente reuniu nomes importantes do segmento para compartilhar conte\u00fados relevantes em um evento 100% online.\" \/>\n<meta name=\"robots\" content=\"index, follow, max-snippet:-1, max-image-preview:large, max-video-preview:-1\" \/>\n<link rel=\"canonical\" href=\"https:\/\/incandescente.com.br\/blog\/3-workshop-de-marketing-e-venda\/\" \/>\n<meta property=\"og:locale\" content=\"pt_BR\" \/>\n<meta property=\"og:type\" content=\"article\" \/>\n<meta property=\"og:title\" content=\"3\u00ba Workshop de Marketing e Vendas da Incandescente: Ressignificando o cen\u00e1rio digital\" \/>\n<meta property=\"og:description\" content=\"O 3\u00ba Workshop de Marketing e Vendas da Incandescente reuniu nomes importantes do segmento para compartilhar conte\u00fados relevantes em um evento 100% online.\" \/>\n<meta property=\"og:url\" content=\"https:\/\/incandescente.com.br\/blog\/3-workshop-de-marketing-e-venda\/\" \/>\n<meta property=\"og:site_name\" content=\"Blog Ag\u00eancia Incandescente\" \/>\n<meta property=\"article:published_time\" content=\"2020-11-13T19:40:55+00:00\" \/>\n<meta property=\"og:image\" content=\"https:\/\/incandescente.com.br\/blog\/wp-content\/uploads\/2020\/11\/Capa-workshop-Incandescente.png\" \/>\n\t<meta property=\"og:image:width\" content=\"770\" \/>\n\t<meta property=\"og:image:height\" content=\"570\" \/>\n\t<meta property=\"og:image:type\" content=\"image\/png\" \/>\n<meta name=\"author\" content=\"Ag\u00eancia Incandescente\" \/>\n<meta name=\"twitter:card\" content=\"summary_large_image\" \/>\n<meta name=\"twitter:label1\" content=\"Escrito por\" \/>\n\t<meta name=\"twitter:data1\" content=\"Ag\u00eancia Incandescente\" \/>\n\t<meta name=\"twitter:label2\" content=\"Est. tempo de leitura\" \/>\n\t<meta name=\"twitter:data2\" content=\"6 minutos\" \/>\n<script type=\"application\/ld+json\" class=\"yoast-schema-graph\">{\"@context\":\"https:\\\/\\\/schema.org\",\"@graph\":[{\"@type\":\"Article\",\"@id\":\"https:\\\/\\\/incandescente.com.br\\\/blog\\\/3-workshop-de-marketing-e-venda\\\/#article\",\"isPartOf\":{\"@id\":\"https:\\\/\\\/incandescente.com.br\\\/blog\\\/3-workshop-de-marketing-e-venda\\\/\"},\"author\":{\"name\":\"Ag\u00eancia Incandescente\",\"@id\":\"https:\\\/\\\/incandescente.com.br\\\/blog\\\/#\\\/schema\\\/person\\\/b4d9bfd0253f0cd4d63bfa5b64644fce\"},\"headline\":\"3\u00ba Workshop de Marketing e Vendas da Incandescente: Ressignificando o cen\u00e1rio digital\",\"datePublished\":\"2020-11-13T19:40:55+00:00\",\"mainEntityOfPage\":{\"@id\":\"https:\\\/\\\/incandescente.com.br\\\/blog\\\/3-workshop-de-marketing-e-venda\\\/\"},\"wordCount\":1135,\"publisher\":{\"@id\":\"https:\\\/\\\/incandescente.com.br\\\/blog\\\/#organization\"},\"image\":{\"@id\":\"https:\\\/\\\/incandescente.com.br\\\/blog\\\/3-workshop-de-marketing-e-venda\\\/#primaryimage\"},\"thumbnailUrl\":\"https:\\\/\\\/incandescente.com.br\\\/blog\\\/wp-content\\\/uploads\\\/2020\\\/11\\\/Capa-workshop-Incandescente.png\",\"keywords\":[\"3\u00ba Workshop de Marketing e Vendas\",\"evento da Incandescente\",\"marketing e vendas\",\"transforma\u00e7\u00e3o digital\"],\"articleSection\":[\"Marketing Digital\"],\"inLanguage\":\"pt-BR\"},{\"@type\":\"WebPage\",\"@id\":\"https:\\\/\\\/incandescente.com.br\\\/blog\\\/3-workshop-de-marketing-e-venda\\\/\",\"url\":\"https:\\\/\\\/incandescente.com.br\\\/blog\\\/3-workshop-de-marketing-e-venda\\\/\",\"name\":\"3\u00ba Workshop de Marketing e Vendas da Incandescente: Ressignificando o cen\u00e1rio digital\",\"isPartOf\":{\"@id\":\"https:\\\/\\\/incandescente.com.br\\\/blog\\\/#website\"},\"primaryImageOfPage\":{\"@id\":\"https:\\\/\\\/incandescente.com.br\\\/blog\\\/3-workshop-de-marketing-e-venda\\\/#primaryimage\"},\"image\":{\"@id\":\"https:\\\/\\\/incandescente.com.br\\\/blog\\\/3-workshop-de-marketing-e-venda\\\/#primaryimage\"},\"thumbnailUrl\":\"https:\\\/\\\/incandescente.com.br\\\/blog\\\/wp-content\\\/uploads\\\/2020\\\/11\\\/Capa-workshop-Incandescente.png\",\"datePublished\":\"2020-11-13T19:40:55+00:00\",\"description\":\"O 3\u00ba Workshop de Marketing e Vendas da Incandescente reuniu nomes importantes do segmento para compartilhar conte\u00fados relevantes em um evento 100% online.\",\"breadcrumb\":{\"@id\":\"https:\\\/\\\/incandescente.com.br\\\/blog\\\/3-workshop-de-marketing-e-venda\\\/#breadcrumb\"},\"inLanguage\":\"pt-BR\",\"potentialAction\":[{\"@type\":\"ReadAction\",\"target\":[\"https:\\\/\\\/incandescente.com.br\\\/blog\\\/3-workshop-de-marketing-e-venda\\\/\"]}]},{\"@type\":\"ImageObject\",\"inLanguage\":\"pt-BR\",\"@id\":\"https:\\\/\\\/incandescente.com.br\\\/blog\\\/3-workshop-de-marketing-e-venda\\\/#primaryimage\",\"url\":\"https:\\\/\\\/incandescente.com.br\\\/blog\\\/wp-content\\\/uploads\\\/2020\\\/11\\\/Capa-workshop-Incandescente.png\",\"contentUrl\":\"https:\\\/\\\/incandescente.com.br\\\/blog\\\/wp-content\\\/uploads\\\/2020\\\/11\\\/Capa-workshop-Incandescente.png\",\"width\":770,\"height\":570},{\"@type\":\"BreadcrumbList\",\"@id\":\"https:\\\/\\\/incandescente.com.br\\\/blog\\\/3-workshop-de-marketing-e-venda\\\/#breadcrumb\",\"itemListElement\":[{\"@type\":\"ListItem\",\"position\":1,\"name\":\"In\u00edcio\",\"item\":\"https:\\\/\\\/incandescente.com.br\\\/blog\\\/\"},{\"@type\":\"ListItem\",\"position\":2,\"name\":\"3\u00ba Workshop de Marketing e Vendas da Incandescente: Ressignificando o cen\u00e1rio digital\"}]},{\"@type\":\"WebSite\",\"@id\":\"https:\\\/\\\/incandescente.com.br\\\/blog\\\/#website\",\"url\":\"https:\\\/\\\/incandescente.com.br\\\/blog\\\/\",\"name\":\"Blog Ag\u00eancia Incandescente\",\"description\":\"Conte\u00fados de Marketing Digital e Inbound Marketing.\",\"publisher\":{\"@id\":\"https:\\\/\\\/incandescente.com.br\\\/blog\\\/#organization\"},\"potentialAction\":[{\"@type\":\"SearchAction\",\"target\":{\"@type\":\"EntryPoint\",\"urlTemplate\":\"https:\\\/\\\/incandescente.com.br\\\/blog\\\/?s={search_term_string}\"},\"query-input\":{\"@type\":\"PropertyValueSpecification\",\"valueRequired\":true,\"valueName\":\"search_term_string\"}}],\"inLanguage\":\"pt-BR\"},{\"@type\":\"Organization\",\"@id\":\"https:\\\/\\\/incandescente.com.br\\\/blog\\\/#organization\",\"name\":\"Blog Ag\u00eancia Incandescente\",\"alternateName\":\"Ag\u00eancia Incandescente\",\"url\":\"https:\\\/\\\/incandescente.com.br\\\/blog\\\/\",\"logo\":{\"@type\":\"ImageObject\",\"inLanguage\":\"pt-BR\",\"@id\":\"https:\\\/\\\/incandescente.com.br\\\/blog\\\/#\\\/schema\\\/logo\\\/image\\\/\",\"url\":\"https:\\\/\\\/incandescente.com.br\\\/blog\\\/wp-content\\\/uploads\\\/2023\\\/10\\\/logo-incand.png\",\"contentUrl\":\"https:\\\/\\\/incandescente.com.br\\\/blog\\\/wp-content\\\/uploads\\\/2023\\\/10\\\/logo-incand.png\",\"width\":1501,\"height\":294,\"caption\":\"Blog Ag\u00eancia Incandescente\"},\"image\":{\"@id\":\"https:\\\/\\\/incandescente.com.br\\\/blog\\\/#\\\/schema\\\/logo\\\/image\\\/\"}},{\"@type\":\"Person\",\"@id\":\"https:\\\/\\\/incandescente.com.br\\\/blog\\\/#\\\/schema\\\/person\\\/b4d9bfd0253f0cd4d63bfa5b64644fce\",\"name\":\"Ag\u00eancia Incandescente\",\"image\":{\"@type\":\"ImageObject\",\"inLanguage\":\"pt-BR\",\"@id\":\"https:\\\/\\\/secure.gravatar.com\\\/avatar\\\/4be7b716693920f4cf8ecb21b332e272427e6bb537e2e9398459f0b1d3c24bc8?s=96&d=wp_user_avatar&r=g\",\"url\":\"https:\\\/\\\/secure.gravatar.com\\\/avatar\\\/4be7b716693920f4cf8ecb21b332e272427e6bb537e2e9398459f0b1d3c24bc8?s=96&d=wp_user_avatar&r=g\",\"contentUrl\":\"https:\\\/\\\/secure.gravatar.com\\\/avatar\\\/4be7b716693920f4cf8ecb21b332e272427e6bb537e2e9398459f0b1d3c24bc8?s=96&d=wp_user_avatar&r=g\",\"caption\":\"Ag\u00eancia Incandescente\"},\"description\":\"A Incandescente \u00e9 uma ag\u00eancia de marketing digital no ABC, que desenvolve estrat\u00e9gias consistentes para que sua empresa se comunique e proporcione experi\u00eancias para o seu potencial cliente, com a participa\u00e7\u00e3o efetiva do seu time de vendas.\",\"url\":\"https:\\\/\\\/incandescente.com.br\\\/blog\\\/autor\\\/blogincand-admin\\\/\"}]}<\/script>\n<!-- \/ Yoast SEO plugin. -->","yoast_head_json":{"title":"3\u00ba Workshop de Marketing e Vendas da Incandescente: Ressignificando o cen\u00e1rio digital","description":"O 3\u00ba Workshop de Marketing e Vendas da Incandescente reuniu nomes importantes do segmento para compartilhar conte\u00fados relevantes em um evento 100% online.","robots":{"index":"index","follow":"follow","max-snippet":"max-snippet:-1","max-image-preview":"max-image-preview:large","max-video-preview":"max-video-preview:-1"},"canonical":"https:\/\/incandescente.com.br\/blog\/3-workshop-de-marketing-e-venda\/","og_locale":"pt_BR","og_type":"article","og_title":"3\u00ba Workshop de Marketing e Vendas da Incandescente: Ressignificando o cen\u00e1rio digital","og_description":"O 3\u00ba Workshop de Marketing e Vendas da Incandescente reuniu nomes importantes do segmento para compartilhar conte\u00fados relevantes em um evento 100% online.","og_url":"https:\/\/incandescente.com.br\/blog\/3-workshop-de-marketing-e-venda\/","og_site_name":"Blog Ag\u00eancia Incandescente","article_published_time":"2020-11-13T19:40:55+00:00","og_image":[{"width":770,"height":570,"url":"https:\/\/incandescente.com.br\/blog\/wp-content\/uploads\/2020\/11\/Capa-workshop-Incandescente.png","type":"image\/png"}],"author":"Ag\u00eancia Incandescente","twitter_card":"summary_large_image","twitter_misc":{"Escrito por":"Ag\u00eancia Incandescente","Est. tempo de leitura":"6 minutos"},"schema":{"@context":"https:\/\/schema.org","@graph":[{"@type":"Article","@id":"https:\/\/incandescente.com.br\/blog\/3-workshop-de-marketing-e-venda\/#article","isPartOf":{"@id":"https:\/\/incandescente.com.br\/blog\/3-workshop-de-marketing-e-venda\/"},"author":{"name":"Ag\u00eancia Incandescente","@id":"https:\/\/incandescente.com.br\/blog\/#\/schema\/person\/b4d9bfd0253f0cd4d63bfa5b64644fce"},"headline":"3\u00ba Workshop de Marketing e Vendas da Incandescente: Ressignificando o cen\u00e1rio digital","datePublished":"2020-11-13T19:40:55+00:00","mainEntityOfPage":{"@id":"https:\/\/incandescente.com.br\/blog\/3-workshop-de-marketing-e-venda\/"},"wordCount":1135,"publisher":{"@id":"https:\/\/incandescente.com.br\/blog\/#organization"},"image":{"@id":"https:\/\/incandescente.com.br\/blog\/3-workshop-de-marketing-e-venda\/#primaryimage"},"thumbnailUrl":"https:\/\/incandescente.com.br\/blog\/wp-content\/uploads\/2020\/11\/Capa-workshop-Incandescente.png","keywords":["3\u00ba Workshop de Marketing e Vendas","evento da Incandescente","marketing e vendas","transforma\u00e7\u00e3o digital"],"articleSection":["Marketing Digital"],"inLanguage":"pt-BR"},{"@type":"WebPage","@id":"https:\/\/incandescente.com.br\/blog\/3-workshop-de-marketing-e-venda\/","url":"https:\/\/incandescente.com.br\/blog\/3-workshop-de-marketing-e-venda\/","name":"3\u00ba Workshop de Marketing e Vendas da Incandescente: Ressignificando o cen\u00e1rio digital","isPartOf":{"@id":"https:\/\/incandescente.com.br\/blog\/#website"},"primaryImageOfPage":{"@id":"https:\/\/incandescente.com.br\/blog\/3-workshop-de-marketing-e-venda\/#primaryimage"},"image":{"@id":"https:\/\/incandescente.com.br\/blog\/3-workshop-de-marketing-e-venda\/#primaryimage"},"thumbnailUrl":"https:\/\/incandescente.com.br\/blog\/wp-content\/uploads\/2020\/11\/Capa-workshop-Incandescente.png","datePublished":"2020-11-13T19:40:55+00:00","description":"O 3\u00ba Workshop de Marketing e Vendas da Incandescente reuniu nomes importantes do segmento para compartilhar conte\u00fados relevantes em um evento 100% online.","breadcrumb":{"@id":"https:\/\/incandescente.com.br\/blog\/3-workshop-de-marketing-e-venda\/#breadcrumb"},"inLanguage":"pt-BR","potentialAction":[{"@type":"ReadAction","target":["https:\/\/incandescente.com.br\/blog\/3-workshop-de-marketing-e-venda\/"]}]},{"@type":"ImageObject","inLanguage":"pt-BR","@id":"https:\/\/incandescente.com.br\/blog\/3-workshop-de-marketing-e-venda\/#primaryimage","url":"https:\/\/incandescente.com.br\/blog\/wp-content\/uploads\/2020\/11\/Capa-workshop-Incandescente.png","contentUrl":"https:\/\/incandescente.com.br\/blog\/wp-content\/uploads\/2020\/11\/Capa-workshop-Incandescente.png","width":770,"height":570},{"@type":"BreadcrumbList","@id":"https:\/\/incandescente.com.br\/blog\/3-workshop-de-marketing-e-venda\/#breadcrumb","itemListElement":[{"@type":"ListItem","position":1,"name":"In\u00edcio","item":"https:\/\/incandescente.com.br\/blog\/"},{"@type":"ListItem","position":2,"name":"3\u00ba Workshop de Marketing e Vendas da Incandescente: Ressignificando o cen\u00e1rio digital"}]},{"@type":"WebSite","@id":"https:\/\/incandescente.com.br\/blog\/#website","url":"https:\/\/incandescente.com.br\/blog\/","name":"Blog Ag\u00eancia Incandescente","description":"Conte\u00fados de Marketing Digital e Inbound Marketing.","publisher":{"@id":"https:\/\/incandescente.com.br\/blog\/#organization"},"potentialAction":[{"@type":"SearchAction","target":{"@type":"EntryPoint","urlTemplate":"https:\/\/incandescente.com.br\/blog\/?s={search_term_string}"},"query-input":{"@type":"PropertyValueSpecification","valueRequired":true,"valueName":"search_term_string"}}],"inLanguage":"pt-BR"},{"@type":"Organization","@id":"https:\/\/incandescente.com.br\/blog\/#organization","name":"Blog Ag\u00eancia Incandescente","alternateName":"Ag\u00eancia Incandescente","url":"https:\/\/incandescente.com.br\/blog\/","logo":{"@type":"ImageObject","inLanguage":"pt-BR","@id":"https:\/\/incandescente.com.br\/blog\/#\/schema\/logo\/image\/","url":"https:\/\/incandescente.com.br\/blog\/wp-content\/uploads\/2023\/10\/logo-incand.png","contentUrl":"https:\/\/incandescente.com.br\/blog\/wp-content\/uploads\/2023\/10\/logo-incand.png","width":1501,"height":294,"caption":"Blog Ag\u00eancia Incandescente"},"image":{"@id":"https:\/\/incandescente.com.br\/blog\/#\/schema\/logo\/image\/"}},{"@type":"Person","@id":"https:\/\/incandescente.com.br\/blog\/#\/schema\/person\/b4d9bfd0253f0cd4d63bfa5b64644fce","name":"Ag\u00eancia Incandescente","image":{"@type":"ImageObject","inLanguage":"pt-BR","@id":"https:\/\/secure.gravatar.com\/avatar\/4be7b716693920f4cf8ecb21b332e272427e6bb537e2e9398459f0b1d3c24bc8?s=96&d=wp_user_avatar&r=g","url":"https:\/\/secure.gravatar.com\/avatar\/4be7b716693920f4cf8ecb21b332e272427e6bb537e2e9398459f0b1d3c24bc8?s=96&d=wp_user_avatar&r=g","contentUrl":"https:\/\/secure.gravatar.com\/avatar\/4be7b716693920f4cf8ecb21b332e272427e6bb537e2e9398459f0b1d3c24bc8?s=96&d=wp_user_avatar&r=g","caption":"Ag\u00eancia Incandescente"},"description":"A Incandescente \u00e9 uma ag\u00eancia de marketing digital no ABC, que desenvolve estrat\u00e9gias consistentes para que sua empresa se comunique e proporcione experi\u00eancias para o seu potencial cliente, com a participa\u00e7\u00e3o efetiva do seu time de vendas.","url":"https:\/\/incandescente.com.br\/blog\/autor\/blogincand-admin\/"}]}},"_links":{"self":[{"href":"https:\/\/incandescente.com.br\/blog\/wp-json\/wp\/v2\/posts\/1940","targetHints":{"allow":["GET"]}}],"collection":[{"href":"https:\/\/incandescente.com.br\/blog\/wp-json\/wp\/v2\/posts"}],"about":[{"href":"https:\/\/incandescente.com.br\/blog\/wp-json\/wp\/v2\/types\/post"}],"author":[{"embeddable":true,"href":"https:\/\/incandescente.com.br\/blog\/wp-json\/wp\/v2\/users\/1"}],"replies":[{"embeddable":true,"href":"https:\/\/incandescente.com.br\/blog\/wp-json\/wp\/v2\/comments?post=1940"}],"version-history":[{"count":0,"href":"https:\/\/incandescente.com.br\/blog\/wp-json\/wp\/v2\/posts\/1940\/revisions"}],"wp:featuredmedia":[{"embeddable":true,"href":"https:\/\/incandescente.com.br\/blog\/wp-json\/wp\/v2\/media\/1942"}],"wp:attachment":[{"href":"https:\/\/incandescente.com.br\/blog\/wp-json\/wp\/v2\/media?parent=1940"}],"wp:term":[{"taxonomy":"category","embeddable":true,"href":"https:\/\/incandescente.com.br\/blog\/wp-json\/wp\/v2\/categories?post=1940"},{"taxonomy":"post_tag","embeddable":true,"href":"https:\/\/incandescente.com.br\/blog\/wp-json\/wp\/v2\/tags?post=1940"}],"curies":[{"name":"wp","href":"https:\/\/api.w.org\/{rel}","templated":true}]}}