{"id":2299,"date":"2021-03-12T15:58:47","date_gmt":"2021-03-12T18:58:47","guid":{"rendered":"https:\/\/incandescente.com.br\/blog\/?p=2299"},"modified":"2023-09-13T11:54:23","modified_gmt":"2023-09-13T14:54:23","slug":"gestao-de-tempo","status":"publish","type":"post","link":"https:\/\/incandescente.com.br\/blog\/gestao-de-tempo\/","title":{"rendered":"Gest\u00e3o de tempo: Como alcan\u00e7ar a efici\u00eancia nos processos?"},"content":{"rendered":"\n<p>Um dos maiores desafios das pessoas \u00e9 trabalhar o tempo e neste artigo quero falar sobre a <strong>gest\u00e3o de tempo<\/strong> e como alcan\u00e7ar a efici\u00eancia nos processos.<\/p>\n\n\n\n<p> Espero que ele enrique\u00e7a sua forma de gerir esse bem t\u00e3o precioso de forma positiva.<\/p>\n\n\n\n<p>Para isso, separei algumas dicas produtivas do que eu procuro aplicar na pr\u00e1tica do meu dia a dia e algumas que s\u00e3o conceitos universais de <strong>gest\u00e3o de tempo<\/strong> e que, mesmo eu n\u00e3o as aplicando \u2013 por uma quest\u00e3o de estilo mesmo &#8211; sei que poder\u00e3o te ajudar tamb\u00e9m.<\/p>\n\n\n\n<div style=\"height:30px\" aria-hidden=\"true\" class=\"wp-block-spacer\"><\/div>\n\n\n\n<h2 class=\"wp-block-heading\">O tempo \u00e9 igual para todos<\/h2>\n\n\n\n<p>N\u00e3o adianta, se voc\u00ea come\u00e7ar a ler esse artigo questionando o tempo, esque\u00e7a!<\/p>\n\n\n\n<p>O primeiro passo para a transformar (mudan\u00e7a) \u00e9 saber que voc\u00ea precisa mudar, n\u00e3o estou aqui para te convencer, estou aqui para ajudar os \u201cj\u00e1 convencidos\u201d de que existem m\u00e9todos e boas pr\u00e1ticas para <strong>gest\u00e3o de tempo<\/strong>.<\/p>\n\n\n\n<p>Ent\u00e3o, partimos do princ\u00edpio de que todos t\u00eam as mesmas 24 horas e de que todos dormem e se alimentam, de que todos aqui (mesmo que de formas diferentes) possuem um ciclo familiar ou de amigos e t\u00eam suas atividades profissionais.<\/p>\n\n\n\n<p>\u00c9 essencial entender que n\u00e3o existir\u00e1 equil\u00edbrio, ele \u00e9 um engano e um erro. <\/p>\n\n\n\n<p>Voc\u00ea jamais conseguir\u00e1 dividir o seu tempo em partes iguais, de forma equilibrada, ou seja, dormir, trabalhar, praticar um esporte e ter lazer nas mesmas propor\u00e7\u00f5es. <\/p>\n\n\n\n<p>N\u00e3o! O que voc\u00ea procura \u00e9 harmonia entre essas frentes, dividir organizadamente suas 24 horas entre as suas atividades.<\/p>\n\n\n\n<div style=\"height:30px\" aria-hidden=\"true\" class=\"wp-block-spacer\"><\/div>\n\n\n\n<h2 class=\"wp-block-heading\">Gest\u00e3o de tempo profissional<\/h2>\n\n\n\n<p>Nesse artigo n\u00e3o pretendo aprofundar na gest\u00e3o do tempo no que diz respeito a todas as suas \u00e1reas da roda da vida, vou procurar focar no lado profissional, na rotina di\u00e1ria do trabalho. <\/p>\n\n\n\n<p>Afinal, estamos aqui no blog de uma ag\u00eancia, uma empresa que entrega servi\u00e7os e eu acredito que voc\u00ea possa se beneficiar dessa nossa especialidade.<\/p>\n\n\n\n<p>E neste sentido, trouxe 3 conceitos sobre efici\u00eancia nos processos que podem fazer a diferen\u00e7a tanto para voc\u00ea quanto para os seus parceiros de trabalho e \u00e0 sua empresa<\/p>\n\n\n\n<p><strong><em>Seu time de vendas comete erros constantes na negocia\u00e7\u00e3o comercial? <\/em><\/strong><a href=\"https:\/\/materiais.incandescente.com.br\/12-coisas-do-que-nao-fazer-em-vendas\"><strong><em>Baixe o nosso e-book gratuito<\/em><\/strong><\/a><strong><em> e descubra 12 coisas que n\u00e3o se deve fazer em vendas.<\/em><\/strong><\/p>\n\n\n\n<div style=\"height:30px\" aria-hidden=\"true\" class=\"wp-block-spacer\"><\/div>\n\n\n\n<h2 class=\"wp-block-heading\">Saber priorizar tarefas<\/h2>\n\n\n\n<p>Essa \u00e9 com certeza uma das grandes viradas de chave quando voc\u00ea quer efetivamente ter gest\u00e3o de tempo e alcan\u00e7ar efici\u00eancia nos processos nas atividades profissionais. <\/p>\n\n\n\n<p>Muitas vezes pecamos seriamente nesse quesito por n\u00e3o saberem priorizar atividades, fazer o que era de menor import\u00e2ncia, deixar de fazer o que era realmente importante e pior, muitas vezes fazer o que nem precisava ser feito.<\/p>\n\n\n\n<p>Tem uma frase que eu gosto muito que diz, \u201cn\u00e3o h\u00e1 nada t\u00e3o in\u00fatil do que fazer bem feito algo que nem devia ter sido feito\u201d. <\/p>\n\n\n\n<p>Agora, partimos do princ\u00edpio de que voc\u00ea tem a vis\u00e3o macro entre: fazer e n\u00e3o fazer, vamos ent\u00e3o focar dentro do bloco \u201cFAZER\u201d em como organizar nosso tempo e tornar eficiente as nossas entregas.<\/p>\n\n\n\n<p>Existem desenhos, gr\u00e1ficos, para ilustrar essa ideia e pessoas mais visuais provavelmente sempre v\u00e3o precisar usar. <\/p>\n\n\n\n<p>Voc\u00ea pode criar um quadro de gest\u00e3o \u00e0 vista se preferir, o fato \u00e9 que quando voc\u00ea absorver o conceito, talvez n\u00e3o precise do quadro, voc\u00ea mentalmente conseguir\u00e1 identificar as prioridades e avan\u00e7ar. <\/p>\n\n\n\n<p>Mas eu recomendo sempre que tenha algum meio de organizar \u2013 falaremos mais no \u00faltimo bloco deste artigo.<\/p>\n\n\n\n<p>Mas a ideia \u00e9 dividir 4 quadrantes:<\/p>\n\n\n\n<div style=\"height:30px\" aria-hidden=\"true\" class=\"wp-block-spacer\"><\/div>\n\n\n\n<figure class=\"wp-block-image size-large\"><img loading=\"lazy\" decoding=\"async\" width=\"720\" height=\"480\" src=\"https:\/\/webapp319107.ip-192-155-89-190.cloudezapp.io\/wp-content\/uploads\/2021\/03\/texto-vini.jpg\" alt=\"gest\u00e3o de tempo \" class=\"wp-image-2300\" srcset=\"https:\/\/incandescente.com.br\/blog\/wp-content\/uploads\/2021\/03\/texto-vini.jpg 720w, https:\/\/incandescente.com.br\/blog\/wp-content\/uploads\/2021\/03\/texto-vini-300x200.jpg 300w\" sizes=\"auto, (max-width: 720px) 100vw, 720px\" \/><\/figure>\n\n\n\n<div style=\"height:30px\" aria-hidden=\"true\" class=\"wp-block-spacer\"><\/div>\n\n\n\n<p>Onde deve ficar seu maior foco de aten\u00e7\u00e3o? Ela deve ficar no \u201c<strong>\u00e9 importante e urgente\u201d<\/strong> (superior direito). Ali, a necessidade exige que seja feito agora!<\/p>\n\n\n\n<p>E em seguida? Uma <strong>gest\u00e3o de tempo<\/strong> eficaz recomenda que voc\u00ea possa focar no bloco, <strong>\u201c\u00e9 importante, mas n\u00e3o urgente\u201d<\/strong> (superior esquerdo). <\/p>\n\n\n\n<p>S\u00e3o tarefas gostosas de fazer, que voc\u00ea provavelmente vai sentir resultado, mas sem o estresse do urgente.<\/p>\n\n\n\n<p>Por fim, os dois blocos de baixo devem ficar com as suas tarefas complementares, uma voc\u00ea faz no seu tempo livre, algo tranquilo que \u2013 N\u00c3O \u00c9 PARA POSTERGAR PARA SEMPRE \u2013 e sim, executar no retorno do almo\u00e7o, ou finalizar entre uma atividade e outra. As demais, delegue.<\/p>\n\n\n\n<p>Existe um outro m\u00e9todo que meu amigo Ivo Corradi ensinou uma vez e \u00e9 muito relevante para voc\u00ea identificar rapidamente o direcionamento de uma tarefa, o m\u00e9todo FADA.<\/p>\n\n\n\n<div style=\"height:30px\" aria-hidden=\"true\" class=\"wp-block-spacer\"><\/div>\n\n\n\n<h2 class=\"wp-block-heading\">M\u00e9todo FADA<\/h2>\n\n\n\n<p>O m\u00e9todo fada de <strong>gest\u00e3o de tempo<\/strong> diz algo muito pr\u00f3ximo do quadrante acima, quando voc\u00ea tiver uma tarefa em m\u00e3os: Fa\u00e7a (se for importante e urgente), Apague (se for irrelevante), Delegue (se for para outra pessoa fazer) ou arquive (se for algo para guardar, um documento, informa\u00e7\u00e3o).<\/p>\n\n\n\n<p>Se voc\u00ea tomar a decis\u00e3o FADA toda vez que uma demanda chegar na sua m\u00e3o, voc\u00ea com certeza ser\u00e1 mais produtivo e ter\u00e1 uma efici\u00eancia maior em seus processos, focando realmente no que \u00e9 mais importante.<\/p>\n\n\n\n<div style=\"height:30px\" aria-hidden=\"true\" class=\"wp-block-spacer\"><\/div>\n\n\n\n<h2 class=\"wp-block-heading\">T\u00e9cnicas e ciclos de trabalho<\/h2>\n\n\n\n<p>Ter uma rotina de trabalho ajuda demais a se organizar e isso tem tudo a ver com a <strong>gest\u00e3o de tempo<\/strong> e efici\u00eancia de processos. <\/p>\n\n\n\n<p>Se voc\u00ea n\u00e3o \u00e9 organizado, ou se voc\u00ea usa a desculpa de \u201ceu me organizo na minha bagun\u00e7a\u201d. Desculpe, voc\u00ea \u00e9 DESORGANIZADO e pronto. Organiza\u00e7\u00e3o \u00e9 bin\u00e1rio: sim \/ n\u00e3o, ou \u00e9, ou n\u00e3o \u00e9.<\/p>\n\n\n\n<p>Algumas t\u00e9cnicas de ciclo de trabalho podem te ajudar a ter uma gest\u00e3o melhor do seu tempo, isso envolve criar blocos. Uma das mais famosas t\u00e9cnicas de <strong>gest\u00e3o de tempo<\/strong> que existe \u00e9 o famoso pomodoro. <\/p>\n\n\n\n<p>A t\u00e9cnica pomodoro \u00e9 simples e dura ciclos de 2 horas. Primeiro, voc\u00ea realiza uma atividade durante 25 minutos. <\/p>\n\n\n\n<p>Quando acabar o tempo, descanse 5 minutos. Assim sucessivamente at\u00e9 que complete as duas horas. Como recompensa, voc\u00ea descansa 30 minutos e depois reinicia o processo.<\/p>\n\n\n\n<p>Se voc\u00ea gostou da t\u00e9cnica pomodoro sugiro que voc\u00ea pesquise mais sobre. <\/p>\n\n\n\n<p>Alguns dos benef\u00edcios com ela s\u00e3o: diminui\u00e7\u00e3o de estresse, aumento de foco e concentra\u00e7\u00e3o, aumento da capacidade de decis\u00e3o, motiva\u00e7\u00e3o, al\u00e9m de aumentar a determina\u00e7\u00e3o para atingir objetivos.<\/p>\n\n\n\n<p><em><a href=\"https:\/\/incandescente.com.br\/blog\/planejamento-de-conteudo-e-necessario\/\" target=\"_blank\" rel=\"noreferrer noopener\">Leia tamb\u00e9m: Planejamento de conte\u00fado \u00e9 necess\u00e1rio? Veja como come\u00e7ar<\/a><\/em><\/p>\n\n\n\n<div style=\"height:30px\" aria-hidden=\"true\" class=\"wp-block-spacer\"><\/div>\n\n\n\n<h2 class=\"wp-block-heading\">Ferramentas de produtividade x ladr\u00f5es de tempo<\/h2>\n\n\n\n<p><strong>Gest\u00e3o de tempo<\/strong> possui aliados e sabotadores. <\/p>\n\n\n\n<p>Assim como a t\u00e9cnica pomodoro, o m\u00e9todo FADA ou mesmo o quadrante de importante e urgente s\u00e3o meios apoiadores que podem ajudar a alcan\u00e7ar a efici\u00eancia dos seus processos produtivos, n\u00f3s temos os sabotadores, ladr\u00f5es de tempo!<\/p>\n\n\n\n<p>Sim, por mais que voc\u00ea considere (e n\u00e3o me xingue) o WhatsApp uma \u00f3tima ferramenta produtiva, diversos estudos mostram que ele \u00e9 um dos maiores sabotadores de produtividade. <\/p>\n\n\n\n<p>Isso porque ele vai contra tudo o que \u00e9 defendido sobre produtividade!<\/p>\n\n\n\n<p>Ele quebra o ciclo de urg\u00eancia, pois as mensagens do WhatsApp sempre saltam na sua frente esperando por uma resposta r\u00e1pida, furando a fila da produtividade. <\/p>\n\n\n\n<p>Ele n\u00e3o te d\u00e1 gest\u00e3o! A organiza\u00e7\u00e3o entre mensagens de texto, \u00e1udio, imagens, grupos, \u00e9 bem ineficaz quando se trata de gest\u00e3o de tempo.<\/p>\n\n\n\n<p>Mas tudo bem, n\u00e3o vou aqui queimar meu texto falando mal do WhatsApp. Agora, o que eu te recomendo \u00e9 utilizar a vers\u00e3o Business do aplicativo. <\/p>\n\n\n\n<p>Ela permite que voc\u00ea arquive conversas, crie tags de identifica\u00e7\u00e3o por estilos de assunto, defina mensagens autom\u00e1ticas, entre outros recursos que minimizem o impacto e a distra\u00e7\u00e3o.<\/p>\n\n\n\n<p> Agora, claro, se voc\u00ea quer uma ferramenta r\u00e1pida e gratuita de conversa, ele \u00e9 com toda certeza muito bom.<\/p>\n\n\n\n<p>Procure utilizar ferramentas que trabalhem a seu favor, de forma efetiva! E tenha a <strong>gest\u00e3o de tempo <\/strong>trabalhando de forma positiva ao seu lado, mas para isso, voc\u00ea precisa fazer a sua parte. <\/p>\n\n\n\n<div style=\"height:30px\" aria-hidden=\"true\" class=\"wp-block-spacer\"><\/div>\n\n\n\n<h2 class=\"wp-block-heading\">Quais ferramentas utilizar?<\/h2>\n\n\n\n<p>Um bom gerenciador de e-mails, como o Outlook, uma boa ferramenta de controle de atividades, como o Trello, ou aplicativos de mapas mentais podem te ajudar a organizar as ideias e atividades do seu dia a dia.<\/p>\n\n\n\n<p>Espero ter ajudado voc\u00ea com esse artigo sobre <strong>gest\u00e3o de tempo<\/strong> e maneiras de alcan\u00e7ar a efici\u00eancia dentro dos seus processos profissionais e at\u00e9 mesmo pessoais. <\/p>\n\n\n\n<p>Uma pessoa bem organizada, que tem o tempo trabalhando a seu favor pode com certeza fazer mais com menos, entregar mais e melhor, sem ter o estresse da rotina como pedra no sapato. Boa sorte!<\/p>\n\n\n\n<figure class=\"wp-block-image size-large\"><a href=\"https:\/\/materiais.incandescente.com.br\/fale-com-nosso-ceo\" target=\"_blank\" rel=\"noopener\"><img loading=\"lazy\" decoding=\"async\" width=\"1024\" height=\"142\" src=\"https:\/\/incandescente.com.br\/blog\/wp-content\/uploads\/2020\/12\/03_CTA-1-1024x142.png\" alt=\"\" class=\"wp-image-2014\" srcset=\"https:\/\/incandescente.com.br\/blog\/wp-content\/uploads\/2020\/12\/03_CTA-1-1024x142.png 1024w, https:\/\/incandescente.com.br\/blog\/wp-content\/uploads\/2020\/12\/03_CTA-1-300x42.png 300w, https:\/\/incandescente.com.br\/blog\/wp-content\/uploads\/2020\/12\/03_CTA-1-768x107.png 768w, https:\/\/incandescente.com.br\/blog\/wp-content\/uploads\/2020\/12\/03_CTA-1-1536x213.png 1536w, https:\/\/incandescente.com.br\/blog\/wp-content\/uploads\/2020\/12\/03_CTA-1.png 2038w\" sizes=\"auto, (max-width: 1024px) 100vw, 1024px\" \/><\/a><\/figure>\n","protected":false},"excerpt":{"rendered":"<p>Um dos maiores desafios das pessoas \u00e9 trabalhar o tempo e neste artigo quero falar sobre a gest\u00e3o de tempo e como alcan\u00e7ar a efici\u00eancia nos processos. Espero que ele enrique\u00e7a sua forma de gerir esse bem t\u00e3o precioso de forma positiva. Para isso, separei algumas dicas produtivas do que eu procuro aplicar na pr\u00e1tica [&hellip;]<\/p>\n","protected":false},"author":1,"featured_media":2303,"comment_status":"closed","ping_status":"closed","sticky":false,"template":"","format":"standard","meta":{"_uf_show_specific_survey":0,"_uf_disable_surveys":false,"footnotes":""},"categories":[187,3],"tags":[334,12,337,336,338],"class_list":["post-2299","post","type-post","status-publish","format-standard","has-post-thumbnail","hentry","category-dicas","category-marketing-digital","tag-gestao-de-tempo","tag-marketing-digital","tag-produtividade","tag-tarefas","tag-tecnicas-de-trabalho"],"yoast_head":"<!-- This site is optimized with the Yoast SEO plugin v27.4 - https:\/\/yoast.com\/product\/yoast-seo-wordpress\/ -->\n<title>Gest\u00e3o de tempo: Como alcan\u00e7ar a efici\u00eancia nos processos?<\/title>\n<meta name=\"description\" content=\"Um dos maiores desafios das empresas \u00e9 a otimiza\u00e7\u00e3o do tempo de produtividade da equipe, entenda a seguir o que \u00e9 gest\u00e3o de tempo.\" \/>\n<meta name=\"robots\" content=\"index, follow, max-snippet:-1, max-image-preview:large, max-video-preview:-1\" \/>\n<link rel=\"canonical\" href=\"https:\/\/incandescente.com.br\/blog\/gestao-de-tempo\/\" \/>\n<meta property=\"og:locale\" content=\"pt_BR\" \/>\n<meta property=\"og:type\" content=\"article\" \/>\n<meta property=\"og:title\" content=\"Gest\u00e3o de tempo: Como alcan\u00e7ar a efici\u00eancia nos processos?\" \/>\n<meta property=\"og:description\" content=\"Um dos maiores desafios das empresas \u00e9 a otimiza\u00e7\u00e3o do tempo de produtividade da equipe, entenda a seguir o que \u00e9 gest\u00e3o de tempo.\" \/>\n<meta property=\"og:url\" content=\"https:\/\/incandescente.com.br\/blog\/gestao-de-tempo\/\" \/>\n<meta property=\"og:site_name\" content=\"Blog Ag\u00eancia Incandescente\" \/>\n<meta property=\"article:published_time\" content=\"2021-03-12T18:58:47+00:00\" \/>\n<meta property=\"article:modified_time\" content=\"2023-09-13T14:54:23+00:00\" \/>\n<meta property=\"og:image\" content=\"https:\/\/incandescente.com.br\/blog\/wp-content\/uploads\/2021\/03\/Foto-capa.png\" \/>\n\t<meta property=\"og:image:width\" content=\"770\" \/>\n\t<meta property=\"og:image:height\" content=\"570\" \/>\n\t<meta property=\"og:image:type\" content=\"image\/png\" \/>\n<meta name=\"author\" content=\"Ag\u00eancia Incandescente\" \/>\n<meta name=\"twitter:card\" content=\"summary_large_image\" \/>\n<meta name=\"twitter:label1\" content=\"Escrito por\" \/>\n\t<meta name=\"twitter:data1\" content=\"Ag\u00eancia Incandescente\" \/>\n\t<meta name=\"twitter:label2\" content=\"Est. tempo de leitura\" \/>\n\t<meta name=\"twitter:data2\" content=\"8 minutos\" \/>\n<script type=\"application\/ld+json\" class=\"yoast-schema-graph\">{\"@context\":\"https:\\\/\\\/schema.org\",\"@graph\":[{\"@type\":\"Article\",\"@id\":\"https:\\\/\\\/incandescente.com.br\\\/blog\\\/gestao-de-tempo\\\/#article\",\"isPartOf\":{\"@id\":\"https:\\\/\\\/incandescente.com.br\\\/blog\\\/gestao-de-tempo\\\/\"},\"author\":{\"name\":\"Ag\u00eancia Incandescente\",\"@id\":\"https:\\\/\\\/incandescente.com.br\\\/blog\\\/#\\\/schema\\\/person\\\/b4d9bfd0253f0cd4d63bfa5b64644fce\"},\"headline\":\"Gest\u00e3o de tempo: Como alcan\u00e7ar a efici\u00eancia nos processos?\",\"datePublished\":\"2021-03-12T18:58:47+00:00\",\"dateModified\":\"2023-09-13T14:54:23+00:00\",\"mainEntityOfPage\":{\"@id\":\"https:\\\/\\\/incandescente.com.br\\\/blog\\\/gestao-de-tempo\\\/\"},\"wordCount\":1429,\"publisher\":{\"@id\":\"https:\\\/\\\/incandescente.com.br\\\/blog\\\/#organization\"},\"image\":{\"@id\":\"https:\\\/\\\/incandescente.com.br\\\/blog\\\/gestao-de-tempo\\\/#primaryimage\"},\"thumbnailUrl\":\"https:\\\/\\\/incandescente.com.br\\\/blog\\\/wp-content\\\/uploads\\\/2021\\\/03\\\/Foto-capa.png\",\"keywords\":[\"gest\u00e3o de tempo\",\"marketing digital\",\"produtividade\",\"tarefas\",\"t\u00e9cnicas de trabalho\"],\"articleSection\":[\"Dicas\",\"Marketing Digital\"],\"inLanguage\":\"pt-BR\"},{\"@type\":\"WebPage\",\"@id\":\"https:\\\/\\\/incandescente.com.br\\\/blog\\\/gestao-de-tempo\\\/\",\"url\":\"https:\\\/\\\/incandescente.com.br\\\/blog\\\/gestao-de-tempo\\\/\",\"name\":\"Gest\u00e3o de tempo: Como alcan\u00e7ar a efici\u00eancia nos processos?\",\"isPartOf\":{\"@id\":\"https:\\\/\\\/incandescente.com.br\\\/blog\\\/#website\"},\"primaryImageOfPage\":{\"@id\":\"https:\\\/\\\/incandescente.com.br\\\/blog\\\/gestao-de-tempo\\\/#primaryimage\"},\"image\":{\"@id\":\"https:\\\/\\\/incandescente.com.br\\\/blog\\\/gestao-de-tempo\\\/#primaryimage\"},\"thumbnailUrl\":\"https:\\\/\\\/incandescente.com.br\\\/blog\\\/wp-content\\\/uploads\\\/2021\\\/03\\\/Foto-capa.png\",\"datePublished\":\"2021-03-12T18:58:47+00:00\",\"dateModified\":\"2023-09-13T14:54:23+00:00\",\"description\":\"Um dos maiores desafios das empresas \u00e9 a otimiza\u00e7\u00e3o do tempo de produtividade da equipe, entenda a seguir o que \u00e9 gest\u00e3o de tempo.\",\"breadcrumb\":{\"@id\":\"https:\\\/\\\/incandescente.com.br\\\/blog\\\/gestao-de-tempo\\\/#breadcrumb\"},\"inLanguage\":\"pt-BR\",\"potentialAction\":[{\"@type\":\"ReadAction\",\"target\":[\"https:\\\/\\\/incandescente.com.br\\\/blog\\\/gestao-de-tempo\\\/\"]}]},{\"@type\":\"ImageObject\",\"inLanguage\":\"pt-BR\",\"@id\":\"https:\\\/\\\/incandescente.com.br\\\/blog\\\/gestao-de-tempo\\\/#primaryimage\",\"url\":\"https:\\\/\\\/incandescente.com.br\\\/blog\\\/wp-content\\\/uploads\\\/2021\\\/03\\\/Foto-capa.png\",\"contentUrl\":\"https:\\\/\\\/incandescente.com.br\\\/blog\\\/wp-content\\\/uploads\\\/2021\\\/03\\\/Foto-capa.png\",\"width\":770,\"height\":570,\"caption\":\"gest\u00e3o de tempo.\"},{\"@type\":\"BreadcrumbList\",\"@id\":\"https:\\\/\\\/incandescente.com.br\\\/blog\\\/gestao-de-tempo\\\/#breadcrumb\",\"itemListElement\":[{\"@type\":\"ListItem\",\"position\":1,\"name\":\"In\u00edcio\",\"item\":\"https:\\\/\\\/incandescente.com.br\\\/blog\\\/\"},{\"@type\":\"ListItem\",\"position\":2,\"name\":\"Gest\u00e3o de tempo: Como alcan\u00e7ar a efici\u00eancia nos processos?\"}]},{\"@type\":\"WebSite\",\"@id\":\"https:\\\/\\\/incandescente.com.br\\\/blog\\\/#website\",\"url\":\"https:\\\/\\\/incandescente.com.br\\\/blog\\\/\",\"name\":\"Blog Ag\u00eancia Incandescente\",\"description\":\"Conte\u00fados de Marketing Digital e Inbound Marketing.\",\"publisher\":{\"@id\":\"https:\\\/\\\/incandescente.com.br\\\/blog\\\/#organization\"},\"potentialAction\":[{\"@type\":\"SearchAction\",\"target\":{\"@type\":\"EntryPoint\",\"urlTemplate\":\"https:\\\/\\\/incandescente.com.br\\\/blog\\\/?s={search_term_string}\"},\"query-input\":{\"@type\":\"PropertyValueSpecification\",\"valueRequired\":true,\"valueName\":\"search_term_string\"}}],\"inLanguage\":\"pt-BR\"},{\"@type\":\"Organization\",\"@id\":\"https:\\\/\\\/incandescente.com.br\\\/blog\\\/#organization\",\"name\":\"Blog Ag\u00eancia Incandescente\",\"alternateName\":\"Ag\u00eancia Incandescente\",\"url\":\"https:\\\/\\\/incandescente.com.br\\\/blog\\\/\",\"logo\":{\"@type\":\"ImageObject\",\"inLanguage\":\"pt-BR\",\"@id\":\"https:\\\/\\\/incandescente.com.br\\\/blog\\\/#\\\/schema\\\/logo\\\/image\\\/\",\"url\":\"https:\\\/\\\/incandescente.com.br\\\/blog\\\/wp-content\\\/uploads\\\/2023\\\/10\\\/logo-incand.png\",\"contentUrl\":\"https:\\\/\\\/incandescente.com.br\\\/blog\\\/wp-content\\\/uploads\\\/2023\\\/10\\\/logo-incand.png\",\"width\":1501,\"height\":294,\"caption\":\"Blog Ag\u00eancia Incandescente\"},\"image\":{\"@id\":\"https:\\\/\\\/incandescente.com.br\\\/blog\\\/#\\\/schema\\\/logo\\\/image\\\/\"}},{\"@type\":\"Person\",\"@id\":\"https:\\\/\\\/incandescente.com.br\\\/blog\\\/#\\\/schema\\\/person\\\/b4d9bfd0253f0cd4d63bfa5b64644fce\",\"name\":\"Ag\u00eancia Incandescente\",\"image\":{\"@type\":\"ImageObject\",\"inLanguage\":\"pt-BR\",\"@id\":\"https:\\\/\\\/secure.gravatar.com\\\/avatar\\\/4be7b716693920f4cf8ecb21b332e272427e6bb537e2e9398459f0b1d3c24bc8?s=96&d=wp_user_avatar&r=g\",\"url\":\"https:\\\/\\\/secure.gravatar.com\\\/avatar\\\/4be7b716693920f4cf8ecb21b332e272427e6bb537e2e9398459f0b1d3c24bc8?s=96&d=wp_user_avatar&r=g\",\"contentUrl\":\"https:\\\/\\\/secure.gravatar.com\\\/avatar\\\/4be7b716693920f4cf8ecb21b332e272427e6bb537e2e9398459f0b1d3c24bc8?s=96&d=wp_user_avatar&r=g\",\"caption\":\"Ag\u00eancia Incandescente\"},\"description\":\"A Incandescente \u00e9 uma ag\u00eancia de marketing digital no ABC, que desenvolve estrat\u00e9gias consistentes para que sua empresa se comunique e proporcione experi\u00eancias para o seu potencial cliente, com a participa\u00e7\u00e3o efetiva do seu time de vendas.\",\"url\":\"https:\\\/\\\/incandescente.com.br\\\/blog\\\/autor\\\/blogincand-admin\\\/\"}]}<\/script>\n<!-- \/ Yoast SEO plugin. -->","yoast_head_json":{"title":"Gest\u00e3o de tempo: Como alcan\u00e7ar a efici\u00eancia nos processos?","description":"Um dos maiores desafios das empresas \u00e9 a otimiza\u00e7\u00e3o do tempo de produtividade da equipe, entenda a seguir o que \u00e9 gest\u00e3o de tempo.","robots":{"index":"index","follow":"follow","max-snippet":"max-snippet:-1","max-image-preview":"max-image-preview:large","max-video-preview":"max-video-preview:-1"},"canonical":"https:\/\/incandescente.com.br\/blog\/gestao-de-tempo\/","og_locale":"pt_BR","og_type":"article","og_title":"Gest\u00e3o de tempo: Como alcan\u00e7ar a efici\u00eancia nos processos?","og_description":"Um dos maiores desafios das empresas \u00e9 a otimiza\u00e7\u00e3o do tempo de produtividade da equipe, entenda a seguir o que \u00e9 gest\u00e3o de tempo.","og_url":"https:\/\/incandescente.com.br\/blog\/gestao-de-tempo\/","og_site_name":"Blog Ag\u00eancia Incandescente","article_published_time":"2021-03-12T18:58:47+00:00","article_modified_time":"2023-09-13T14:54:23+00:00","og_image":[{"width":770,"height":570,"url":"https:\/\/incandescente.com.br\/blog\/wp-content\/uploads\/2021\/03\/Foto-capa.png","type":"image\/png"}],"author":"Ag\u00eancia Incandescente","twitter_card":"summary_large_image","twitter_misc":{"Escrito por":"Ag\u00eancia Incandescente","Est. tempo de leitura":"8 minutos"},"schema":{"@context":"https:\/\/schema.org","@graph":[{"@type":"Article","@id":"https:\/\/incandescente.com.br\/blog\/gestao-de-tempo\/#article","isPartOf":{"@id":"https:\/\/incandescente.com.br\/blog\/gestao-de-tempo\/"},"author":{"name":"Ag\u00eancia Incandescente","@id":"https:\/\/incandescente.com.br\/blog\/#\/schema\/person\/b4d9bfd0253f0cd4d63bfa5b64644fce"},"headline":"Gest\u00e3o de tempo: Como alcan\u00e7ar a efici\u00eancia nos processos?","datePublished":"2021-03-12T18:58:47+00:00","dateModified":"2023-09-13T14:54:23+00:00","mainEntityOfPage":{"@id":"https:\/\/incandescente.com.br\/blog\/gestao-de-tempo\/"},"wordCount":1429,"publisher":{"@id":"https:\/\/incandescente.com.br\/blog\/#organization"},"image":{"@id":"https:\/\/incandescente.com.br\/blog\/gestao-de-tempo\/#primaryimage"},"thumbnailUrl":"https:\/\/incandescente.com.br\/blog\/wp-content\/uploads\/2021\/03\/Foto-capa.png","keywords":["gest\u00e3o de tempo","marketing digital","produtividade","tarefas","t\u00e9cnicas de trabalho"],"articleSection":["Dicas","Marketing Digital"],"inLanguage":"pt-BR"},{"@type":"WebPage","@id":"https:\/\/incandescente.com.br\/blog\/gestao-de-tempo\/","url":"https:\/\/incandescente.com.br\/blog\/gestao-de-tempo\/","name":"Gest\u00e3o de tempo: Como alcan\u00e7ar a efici\u00eancia nos processos?","isPartOf":{"@id":"https:\/\/incandescente.com.br\/blog\/#website"},"primaryImageOfPage":{"@id":"https:\/\/incandescente.com.br\/blog\/gestao-de-tempo\/#primaryimage"},"image":{"@id":"https:\/\/incandescente.com.br\/blog\/gestao-de-tempo\/#primaryimage"},"thumbnailUrl":"https:\/\/incandescente.com.br\/blog\/wp-content\/uploads\/2021\/03\/Foto-capa.png","datePublished":"2021-03-12T18:58:47+00:00","dateModified":"2023-09-13T14:54:23+00:00","description":"Um dos maiores desafios das empresas \u00e9 a otimiza\u00e7\u00e3o do tempo de produtividade da equipe, entenda a seguir o que \u00e9 gest\u00e3o de tempo.","breadcrumb":{"@id":"https:\/\/incandescente.com.br\/blog\/gestao-de-tempo\/#breadcrumb"},"inLanguage":"pt-BR","potentialAction":[{"@type":"ReadAction","target":["https:\/\/incandescente.com.br\/blog\/gestao-de-tempo\/"]}]},{"@type":"ImageObject","inLanguage":"pt-BR","@id":"https:\/\/incandescente.com.br\/blog\/gestao-de-tempo\/#primaryimage","url":"https:\/\/incandescente.com.br\/blog\/wp-content\/uploads\/2021\/03\/Foto-capa.png","contentUrl":"https:\/\/incandescente.com.br\/blog\/wp-content\/uploads\/2021\/03\/Foto-capa.png","width":770,"height":570,"caption":"gest\u00e3o de tempo."},{"@type":"BreadcrumbList","@id":"https:\/\/incandescente.com.br\/blog\/gestao-de-tempo\/#breadcrumb","itemListElement":[{"@type":"ListItem","position":1,"name":"In\u00edcio","item":"https:\/\/incandescente.com.br\/blog\/"},{"@type":"ListItem","position":2,"name":"Gest\u00e3o de tempo: Como alcan\u00e7ar a efici\u00eancia nos processos?"}]},{"@type":"WebSite","@id":"https:\/\/incandescente.com.br\/blog\/#website","url":"https:\/\/incandescente.com.br\/blog\/","name":"Blog Ag\u00eancia Incandescente","description":"Conte\u00fados de Marketing Digital e Inbound Marketing.","publisher":{"@id":"https:\/\/incandescente.com.br\/blog\/#organization"},"potentialAction":[{"@type":"SearchAction","target":{"@type":"EntryPoint","urlTemplate":"https:\/\/incandescente.com.br\/blog\/?s={search_term_string}"},"query-input":{"@type":"PropertyValueSpecification","valueRequired":true,"valueName":"search_term_string"}}],"inLanguage":"pt-BR"},{"@type":"Organization","@id":"https:\/\/incandescente.com.br\/blog\/#organization","name":"Blog Ag\u00eancia Incandescente","alternateName":"Ag\u00eancia Incandescente","url":"https:\/\/incandescente.com.br\/blog\/","logo":{"@type":"ImageObject","inLanguage":"pt-BR","@id":"https:\/\/incandescente.com.br\/blog\/#\/schema\/logo\/image\/","url":"https:\/\/incandescente.com.br\/blog\/wp-content\/uploads\/2023\/10\/logo-incand.png","contentUrl":"https:\/\/incandescente.com.br\/blog\/wp-content\/uploads\/2023\/10\/logo-incand.png","width":1501,"height":294,"caption":"Blog Ag\u00eancia Incandescente"},"image":{"@id":"https:\/\/incandescente.com.br\/blog\/#\/schema\/logo\/image\/"}},{"@type":"Person","@id":"https:\/\/incandescente.com.br\/blog\/#\/schema\/person\/b4d9bfd0253f0cd4d63bfa5b64644fce","name":"Ag\u00eancia Incandescente","image":{"@type":"ImageObject","inLanguage":"pt-BR","@id":"https:\/\/secure.gravatar.com\/avatar\/4be7b716693920f4cf8ecb21b332e272427e6bb537e2e9398459f0b1d3c24bc8?s=96&d=wp_user_avatar&r=g","url":"https:\/\/secure.gravatar.com\/avatar\/4be7b716693920f4cf8ecb21b332e272427e6bb537e2e9398459f0b1d3c24bc8?s=96&d=wp_user_avatar&r=g","contentUrl":"https:\/\/secure.gravatar.com\/avatar\/4be7b716693920f4cf8ecb21b332e272427e6bb537e2e9398459f0b1d3c24bc8?s=96&d=wp_user_avatar&r=g","caption":"Ag\u00eancia Incandescente"},"description":"A Incandescente \u00e9 uma ag\u00eancia de marketing digital no ABC, que desenvolve estrat\u00e9gias consistentes para que sua empresa se comunique e proporcione experi\u00eancias para o seu potencial cliente, com a participa\u00e7\u00e3o efetiva do seu time de vendas.","url":"https:\/\/incandescente.com.br\/blog\/autor\/blogincand-admin\/"}]}},"_links":{"self":[{"href":"https:\/\/incandescente.com.br\/blog\/wp-json\/wp\/v2\/posts\/2299","targetHints":{"allow":["GET"]}}],"collection":[{"href":"https:\/\/incandescente.com.br\/blog\/wp-json\/wp\/v2\/posts"}],"about":[{"href":"https:\/\/incandescente.com.br\/blog\/wp-json\/wp\/v2\/types\/post"}],"author":[{"embeddable":true,"href":"https:\/\/incandescente.com.br\/blog\/wp-json\/wp\/v2\/users\/1"}],"replies":[{"embeddable":true,"href":"https:\/\/incandescente.com.br\/blog\/wp-json\/wp\/v2\/comments?post=2299"}],"version-history":[{"count":1,"href":"https:\/\/incandescente.com.br\/blog\/wp-json\/wp\/v2\/posts\/2299\/revisions"}],"predecessor-version":[{"id":4356,"href":"https:\/\/incandescente.com.br\/blog\/wp-json\/wp\/v2\/posts\/2299\/revisions\/4356"}],"wp:featuredmedia":[{"embeddable":true,"href":"https:\/\/incandescente.com.br\/blog\/wp-json\/wp\/v2\/media\/2303"}],"wp:attachment":[{"href":"https:\/\/incandescente.com.br\/blog\/wp-json\/wp\/v2\/media?parent=2299"}],"wp:term":[{"taxonomy":"category","embeddable":true,"href":"https:\/\/incandescente.com.br\/blog\/wp-json\/wp\/v2\/categories?post=2299"},{"taxonomy":"post_tag","embeddable":true,"href":"https:\/\/incandescente.com.br\/blog\/wp-json\/wp\/v2\/tags?post=2299"}],"curies":[{"name":"wp","href":"https:\/\/api.w.org\/{rel}","templated":true}]}}