{"id":2652,"date":"2021-07-01T14:21:39","date_gmt":"2021-07-01T17:21:39","guid":{"rendered":"https:\/\/incandescente.com.br\/blog\/?p=2652"},"modified":"2023-09-13T11:27:34","modified_gmt":"2023-09-13T14:27:34","slug":"acessibilidade","status":"publish","type":"post","link":"https:\/\/incandescente.com.br\/blog\/acessibilidade\/","title":{"rendered":"Acessibilidade nas Redes Sociais"},"content":{"rendered":"\n<p>As redes sociais crescem a cada dia e possuem diversas finalidades para seus usu\u00e1rios. Por\u00e9m, n\u00e3o s\u00e3o todas as pessoas que conseguem ter acesso por conta da falta de <strong>acessibilidade<\/strong> nelas.<\/p>\n\n\n\n<p>Mas, como podemos trazer a <strong>acessibilidade<\/strong> para as redes sociais que est\u00e3o no cotidiano de grande parte da popula\u00e7\u00e3o? Continue lendo este artigo e veja algumas maneiras de como tornar as redes mais acess\u00edveis para todos.<\/p>\n\n\n\n<div style=\"height:30px\" aria-hidden=\"true\" class=\"wp-block-spacer\"><\/div>\n\n\n\n<h2 class=\"wp-block-heading\">#PraCegoVer #ParaTodosVerem<\/h2>\n\n\n\n<p>Voc\u00ea j\u00e1 deve ter visto algumas dessas hashtags e se perguntado o porqu\u00ea de elas estarem presentes nas legendas de algumas publica\u00e7\u00f5es no seu Instagram ou no Facebook.<\/p>\n\n\n\n<p>Elas est\u00e3o ali com a fun\u00e7\u00e3o de descrever o que est\u00e1 sendo retratado na imagem da publica\u00e7\u00e3o. Possuindo informa\u00e7\u00f5es visuais como, por exemplo, descrever as cores, os elementos presentes, entre outros. Atrav\u00e9s dela \u00e9 poss\u00edvel trazer a <strong>acessibilidade<\/strong> para pessoas com baixa vis\u00e3o e dalt\u00f4nicos.<\/p>\n\n\n\n<p>Al\u00e9m disso, existem alguns aplicativos que fazem a leitura do que est\u00e1 sendo descrito e essas hashtags ajudam o usu\u00e1rio a achar a publica\u00e7\u00e3o.<\/p>\n\n\n\n<p><strong><em>Seu time de vendas comete erros constantes na negocia\u00e7\u00e3o comercial? <\/em><\/strong><a href=\"https:\/\/materiais.incandescente.com.br\/12-coisas-do-que-nao-fazer-em-vendas\"><strong><em>Baixe o nosso e-book gratuito<\/em><\/strong><\/a><strong><em> e descubra 12 coisas que n\u00e3o se deve fazer em vendas.<\/em><\/strong><\/p>\n\n\n\n<div style=\"height:30px\" aria-hidden=\"true\" class=\"wp-block-spacer\"><\/div>\n\n\n\n<h2 class=\"wp-block-heading\">Cuidado com os textos<\/h2>\n\n\n\n<p>Evite par\u00e1grafos muito extensos, pois eles acabam se tornando cansativo para serem lidos, al\u00e9m de dificultar a compreens\u00e3o do texto. Isso \u00e9 uma barreira para quem busca por <strong>acessibilidade<\/strong>.<\/p>\n\n\n\n<p>Tente utilizar fontes sem serifas, pois, s\u00e3o aquelas que possuem um tra\u00e7o ou uma barra em suas extremidades. Por ser considerada uma fonte mais limpa, ou seja, em que o texto se torna mais f\u00e1cil para ser lido, ela \u00e9 a mais indicada para a utiliza\u00e7\u00e3o na web. Temos alguns exemplos de fontes n\u00e3o serifadas como a Arial, Verdana e Tahoma.<\/p>\n\n\n\n<div style=\"height:30px\" aria-hidden=\"true\" class=\"wp-block-spacer\"><\/div>\n\n\n\n<h2 class=\"wp-block-heading\">O que \u00e9 texto alternativo?<\/h2>\n\n\n\n<p>Resumidamente, o texto alternativo \u00e9 feito para substituir uma imagem. Pensando na <strong>acessibilidade<\/strong>, ele faz com que todos possam ter acesso ao conte\u00fado.<\/p>\n\n\n\n<p>Esse texto n\u00e3o aparecer\u00e1 no feed igual uma legenda de publica\u00e7\u00e3o. Para funcionar, \u00e9 preciso que o comando de voz do dispositivo esteja ativado. Apenas clique em cima da imagem que ir\u00e1 ser reproduzido o texto alternativo. Voc\u00ea consegue ativar o comando de voz atrav\u00e9s das configura\u00e7\u00f5es do seu aparelho.<\/p>\n\n\n\n<p>No Instagram, \u00e9 poss\u00edvel colocar o texto alternativo e \u00e9 muito simples: <\/p>\n\n\n\n<p>1\u00ba Voc\u00ea vai escolher a m\u00eddia que deseja postar e clicar em configura\u00e7\u00f5es avan\u00e7adas;<\/p>\n\n\n\n<div style=\"height:30px\" aria-hidden=\"true\" class=\"wp-block-spacer\"><\/div>\n\n\n<div class=\"wp-block-image\">\n<figure class=\"aligncenter size-large\"><img loading=\"lazy\" decoding=\"async\" width=\"459\" height=\"650\" src=\"https:\/\/webapp319107.ip-192-155-89-190.cloudezapp.io\/wp-content\/uploads\/2021\/07\/insta-1.png\" alt=\"\" class=\"wp-image-2654\" srcset=\"https:\/\/incandescente.com.br\/blog\/wp-content\/uploads\/2021\/07\/insta-1.png 459w, https:\/\/incandescente.com.br\/blog\/wp-content\/uploads\/2021\/07\/insta-1-212x300.png 212w\" sizes=\"auto, (max-width: 459px) 100vw, 459px\" \/><\/figure>\n<\/div>\n\n\n<div style=\"height:30px\" aria-hidden=\"true\" class=\"wp-block-spacer\"><\/div>\n\n\n\n<p>2\u00ba Clique em texto alternativo;<\/p>\n\n\n\n<div style=\"height:30px\" aria-hidden=\"true\" class=\"wp-block-spacer\"><\/div>\n\n\n<div class=\"wp-block-image\">\n<figure class=\"aligncenter size-large\"><img loading=\"lazy\" decoding=\"async\" width=\"459\" height=\"650\" src=\"https:\/\/webapp319107.ip-192-155-89-190.cloudezapp.io\/wp-content\/uploads\/2021\/07\/insta-2.png\" alt=\"\" class=\"wp-image-2655\" srcset=\"https:\/\/incandescente.com.br\/blog\/wp-content\/uploads\/2021\/07\/insta-2.png 459w, https:\/\/incandescente.com.br\/blog\/wp-content\/uploads\/2021\/07\/insta-2-212x300.png 212w\" sizes=\"auto, (max-width: 459px) 100vw, 459px\" \/><\/figure>\n<\/div>\n\n\n<div style=\"height:30px\" aria-hidden=\"true\" class=\"wp-block-spacer\"><\/div>\n\n\n\n<p>3\u00ba E por fim, mas n\u00e3o menos importante, escreva o texto descrevendo detalhadamente sua imagem e conclua.<\/p>\n\n\n\n<div style=\"height:30px\" aria-hidden=\"true\" class=\"wp-block-spacer\"><\/div>\n\n\n<div class=\"wp-block-image\">\n<figure class=\"aligncenter size-large\"><img loading=\"lazy\" decoding=\"async\" width=\"300\" height=\"649\" src=\"https:\/\/webapp319107.ip-192-155-89-190.cloudezapp.io\/wp-content\/uploads\/2021\/07\/insta-3.png\" alt=\"\" class=\"wp-image-2656\" srcset=\"https:\/\/incandescente.com.br\/blog\/wp-content\/uploads\/2021\/07\/insta-3.png 300w, https:\/\/incandescente.com.br\/blog\/wp-content\/uploads\/2021\/07\/insta-3-139x300.png 139w\" sizes=\"auto, (max-width: 300px) 100vw, 300px\" \/><\/figure>\n<\/div>\n\n\n<div style=\"height:30px\" aria-hidden=\"true\" class=\"wp-block-spacer\"><\/div>\n\n\n\n<p>No Facebook tamb\u00e9m \u00e9 poss\u00edvel colocar o texto alternativo para trazer mais <strong>acessibilidade<\/strong>. Veja o passo a passo a seguir:<\/p>\n\n\n\n<p>1\u00ba Voc\u00ea ir\u00e1 adicionar uma foto como se fosse postar normalmente;<\/p>\n\n\n\n<div style=\"height:30px\" aria-hidden=\"true\" class=\"wp-block-spacer\"><\/div>\n\n\n<div class=\"wp-block-image\">\n<figure class=\"aligncenter size-large is-resized\"><img loading=\"lazy\" decoding=\"async\" src=\"https:\/\/webapp319107.ip-192-155-89-190.cloudezapp.io\/wp-content\/uploads\/2021\/07\/1-1024x576.png\" alt=\"\" class=\"wp-image-2657\" width=\"512\" height=\"288\" srcset=\"https:\/\/incandescente.com.br\/blog\/wp-content\/uploads\/2021\/07\/1-1024x576.png 1024w, https:\/\/incandescente.com.br\/blog\/wp-content\/uploads\/2021\/07\/1-300x169.png 300w, https:\/\/incandescente.com.br\/blog\/wp-content\/uploads\/2021\/07\/1-768x432.png 768w, https:\/\/incandescente.com.br\/blog\/wp-content\/uploads\/2021\/07\/1-1536x864.png 1536w, https:\/\/incandescente.com.br\/blog\/wp-content\/uploads\/2021\/07\/1.png 1920w\" sizes=\"auto, (max-width: 512px) 100vw, 512px\" \/><\/figure>\n<\/div>\n\n\n<div style=\"height:30px\" aria-hidden=\"true\" class=\"wp-block-spacer\"><\/div>\n\n\n\n<p>2\u00ba Depois, passe o mouse por cima da imagem e clique em editar;<\/p>\n\n\n\n<div style=\"height:30px\" aria-hidden=\"true\" class=\"wp-block-spacer\"><\/div>\n\n\n<div class=\"wp-block-image\">\n<figure class=\"aligncenter size-large is-resized\"><img loading=\"lazy\" decoding=\"async\" src=\"https:\/\/webapp319107.ip-192-155-89-190.cloudezapp.io\/wp-content\/uploads\/2021\/07\/2-1024x576.png\" alt=\"\" class=\"wp-image-2658\" width=\"512\" height=\"288\" srcset=\"https:\/\/incandescente.com.br\/blog\/wp-content\/uploads\/2021\/07\/2-1024x576.png 1024w, https:\/\/incandescente.com.br\/blog\/wp-content\/uploads\/2021\/07\/2-300x169.png 300w, https:\/\/incandescente.com.br\/blog\/wp-content\/uploads\/2021\/07\/2-768x432.png 768w, https:\/\/incandescente.com.br\/blog\/wp-content\/uploads\/2021\/07\/2-1536x864.png 1536w, https:\/\/incandescente.com.br\/blog\/wp-content\/uploads\/2021\/07\/2.png 1920w\" sizes=\"auto, (max-width: 512px) 100vw, 512px\" \/><\/figure>\n<\/div>\n\n\n<div style=\"height:30px\" aria-hidden=\"true\" class=\"wp-block-spacer\"><\/div>\n\n\n\n<p>3\u00ba Ap\u00f3s clicar em editar, ir\u00e1 aparecer esses \u00edcones que est\u00e3o na imagem abaixo. Clique em texto alternativo;<\/p>\n\n\n\n<div style=\"height:30px\" aria-hidden=\"true\" class=\"wp-block-spacer\"><\/div>\n\n\n<div class=\"wp-block-image\">\n<figure class=\"aligncenter size-large is-resized\"><img loading=\"lazy\" decoding=\"async\" src=\"https:\/\/webapp319107.ip-192-155-89-190.cloudezapp.io\/wp-content\/uploads\/2021\/07\/3-1024x576.png\" alt=\"\" class=\"wp-image-2659\" width=\"512\" height=\"288\" srcset=\"https:\/\/incandescente.com.br\/blog\/wp-content\/uploads\/2021\/07\/3-1024x576.png 1024w, https:\/\/incandescente.com.br\/blog\/wp-content\/uploads\/2021\/07\/3-300x169.png 300w, https:\/\/incandescente.com.br\/blog\/wp-content\/uploads\/2021\/07\/3-768x432.png 768w, https:\/\/incandescente.com.br\/blog\/wp-content\/uploads\/2021\/07\/3-1536x864.png 1536w, https:\/\/incandescente.com.br\/blog\/wp-content\/uploads\/2021\/07\/3.png 1920w\" sizes=\"auto, (max-width: 512px) 100vw, 512px\" \/><\/figure>\n<\/div>\n\n\n<div style=\"height:30px\" aria-hidden=\"true\" class=\"wp-block-spacer\"><\/div>\n\n\n\n<p>4\u00ba Voc\u00ea ter\u00e1 a op\u00e7\u00e3o do texto sugerido pelo pr\u00f3prio Facebook ou um texto alternativo personalizado;<\/p>\n\n\n\n<div style=\"height:30px\" aria-hidden=\"true\" class=\"wp-block-spacer\"><\/div>\n\n\n<div class=\"wp-block-image\">\n<figure class=\"aligncenter size-large is-resized\"><img loading=\"lazy\" decoding=\"async\" src=\"https:\/\/webapp319107.ip-192-155-89-190.cloudezapp.io\/wp-content\/uploads\/2021\/07\/4-1024x576.png\" alt=\"\" class=\"wp-image-2660\" width=\"512\" height=\"288\" srcset=\"https:\/\/incandescente.com.br\/blog\/wp-content\/uploads\/2021\/07\/4-1024x576.png 1024w, https:\/\/incandescente.com.br\/blog\/wp-content\/uploads\/2021\/07\/4-300x169.png 300w, https:\/\/incandescente.com.br\/blog\/wp-content\/uploads\/2021\/07\/4-768x432.png 768w, https:\/\/incandescente.com.br\/blog\/wp-content\/uploads\/2021\/07\/4-1536x864.png 1536w, https:\/\/incandescente.com.br\/blog\/wp-content\/uploads\/2021\/07\/4.png 1920w\" sizes=\"auto, (max-width: 512px) 100vw, 512px\" \/><\/figure>\n<\/div>\n\n\n<div style=\"height:30px\" aria-hidden=\"true\" class=\"wp-block-spacer\"><\/div>\n\n\n\n<p>5\u00ba Agora \u00e9 o \u00faltimo passo! Ap\u00f3s escolher a op\u00e7\u00e3o desejada e gerar a legenda, basta clicar em \u201cSalvar\u201d e pronto, j\u00e1 pode ser postado.<\/p>\n\n\n\n<div style=\"height:30px\" aria-hidden=\"true\" class=\"wp-block-spacer\"><\/div>\n\n\n\n<h2 class=\"wp-block-heading\">Mas, e nos stories?<\/h2>\n\n\n\n<p>Para trazer <strong>acessibilidade<\/strong> aos seus stories, voc\u00ea pode colocar uma legenda do que est\u00e1 sendo falado nele. Assim, as pessoas com defici\u00eancia auditiva, independentemente do grau de dificuldade para escutar, pode assistir e saber do que se trata.<\/p>\n\n\n\n<p>Dessa forma podemos adaptar as redes sociais para que todos possam ter acesso e aproveitar cada vez mais o meio digital.<\/p>\n\n\n\n<div style=\"height:30px\" aria-hidden=\"true\" class=\"wp-block-spacer\"><\/div>\n\n\n<div class=\"wp-block-image\">\n<figure class=\"aligncenter size-large is-resized\"><a href=\"https:\/\/www.incandescente.com.br\/cases\" target=\"_blank\" rel=\"noopener\"><img loading=\"lazy\" decoding=\"async\" src=\"https:\/\/webapp319107.ip-192-155-89-190.cloudezapp.io\/wp-content\/uploads\/2021\/07\/05_CTA-1-1024x141.png\" alt=\"\" class=\"wp-image-2661\" width=\"542\" height=\"74\"\/><\/a><\/figure>\n<\/div>\n\n\n<div style=\"height:30px\" aria-hidden=\"true\" class=\"wp-block-spacer\"><\/div>\n","protected":false},"excerpt":{"rendered":"<p>As redes sociais crescem a cada dia e possuem diversas finalidades para seus usu\u00e1rios. Por\u00e9m, n\u00e3o s\u00e3o todas as pessoas que conseguem ter acesso por conta da falta de acessibilidade nelas. Mas, como podemos trazer a acessibilidade para as redes sociais que est\u00e3o no cotidiano de grande parte da popula\u00e7\u00e3o? Continue lendo este artigo e [&hellip;]<\/p>\n","protected":false},"author":1,"featured_media":2662,"comment_status":"closed","ping_status":"closed","sticky":false,"template":"","format":"standard","meta":{"_uf_show_specific_survey":0,"_uf_disable_surveys":false,"footnotes":""},"categories":[66],"tags":[427,35,430,428,429],"class_list":["post-2652","post","type-post","status-publish","format-standard","has-post-thumbnail","hentry","category-redes-sociais","tag-acessibilidade","tag-redes-sociais","tag-redes-sociais-acessiveis","tag-social-media","tag-texto-alternativo"],"yoast_head":"<!-- This site is optimized with the Yoast SEO plugin v27.4 - https:\/\/yoast.com\/product\/yoast-seo-wordpress\/ -->\n<title>Como inserir a acessibilidade para as suas Redes Sociais?<\/title>\n<meta name=\"description\" content=\"Descubra nesse artigo como inserir a acessibilidade em suas redes sociais e aperfei\u00e7oar o seu conte\u00fado para todos os p\u00fablicos.\" \/>\n<meta name=\"robots\" content=\"index, follow, max-snippet:-1, max-image-preview:large, max-video-preview:-1\" \/>\n<link rel=\"canonical\" href=\"https:\/\/incandescente.com.br\/blog\/acessibilidade\/\" \/>\n<meta property=\"og:locale\" content=\"pt_BR\" \/>\n<meta property=\"og:type\" content=\"article\" \/>\n<meta property=\"og:title\" content=\"Como inserir a acessibilidade para as suas Redes Sociais?\" \/>\n<meta property=\"og:description\" content=\"Descubra nesse artigo como inserir a acessibilidade em suas redes sociais e aperfei\u00e7oar o seu conte\u00fado para todos os p\u00fablicos.\" \/>\n<meta property=\"og:url\" content=\"https:\/\/incandescente.com.br\/blog\/acessibilidade\/\" \/>\n<meta property=\"og:site_name\" content=\"Blog Ag\u00eancia Incandescente\" \/>\n<meta property=\"article:published_time\" content=\"2021-07-01T17:21:39+00:00\" \/>\n<meta property=\"article:modified_time\" content=\"2023-09-13T14:27:34+00:00\" \/>\n<meta property=\"og:image\" content=\"https:\/\/incandescente.com.br\/blog\/wp-content\/uploads\/2021\/07\/Acessibilidade.jpg\" \/>\n\t<meta property=\"og:image:width\" content=\"770\" \/>\n\t<meta property=\"og:image:height\" content=\"570\" \/>\n\t<meta property=\"og:image:type\" content=\"image\/jpeg\" \/>\n<meta name=\"author\" content=\"Ag\u00eancia Incandescente\" \/>\n<meta name=\"twitter:card\" content=\"summary_large_image\" \/>\n<meta name=\"twitter:label1\" content=\"Escrito por\" \/>\n\t<meta name=\"twitter:data1\" content=\"Ag\u00eancia Incandescente\" \/>\n\t<meta name=\"twitter:label2\" content=\"Est. tempo de leitura\" \/>\n\t<meta name=\"twitter:data2\" content=\"5 minutos\" \/>\n<script type=\"application\/ld+json\" class=\"yoast-schema-graph\">{\"@context\":\"https:\\\/\\\/schema.org\",\"@graph\":[{\"@type\":\"Article\",\"@id\":\"https:\\\/\\\/incandescente.com.br\\\/blog\\\/acessibilidade\\\/#article\",\"isPartOf\":{\"@id\":\"https:\\\/\\\/incandescente.com.br\\\/blog\\\/acessibilidade\\\/\"},\"author\":{\"name\":\"Ag\u00eancia Incandescente\",\"@id\":\"https:\\\/\\\/incandescente.com.br\\\/blog\\\/#\\\/schema\\\/person\\\/b4d9bfd0253f0cd4d63bfa5b64644fce\"},\"headline\":\"Acessibilidade nas Redes Sociais\",\"datePublished\":\"2021-07-01T17:21:39+00:00\",\"dateModified\":\"2023-09-13T14:27:34+00:00\",\"mainEntityOfPage\":{\"@id\":\"https:\\\/\\\/incandescente.com.br\\\/blog\\\/acessibilidade\\\/\"},\"wordCount\":611,\"publisher\":{\"@id\":\"https:\\\/\\\/incandescente.com.br\\\/blog\\\/#organization\"},\"image\":{\"@id\":\"https:\\\/\\\/incandescente.com.br\\\/blog\\\/acessibilidade\\\/#primaryimage\"},\"thumbnailUrl\":\"https:\\\/\\\/incandescente.com.br\\\/blog\\\/wp-content\\\/uploads\\\/2021\\\/07\\\/Acessibilidade.jpg\",\"keywords\":[\"acessibilidade\",\"redes sociais\",\"redes sociais acess\u00edveis\",\"social media\",\"texto alternativo\"],\"articleSection\":[\"Redes Sociais\"],\"inLanguage\":\"pt-BR\"},{\"@type\":\"WebPage\",\"@id\":\"https:\\\/\\\/incandescente.com.br\\\/blog\\\/acessibilidade\\\/\",\"url\":\"https:\\\/\\\/incandescente.com.br\\\/blog\\\/acessibilidade\\\/\",\"name\":\"Como inserir a acessibilidade para as suas Redes Sociais?\",\"isPartOf\":{\"@id\":\"https:\\\/\\\/incandescente.com.br\\\/blog\\\/#website\"},\"primaryImageOfPage\":{\"@id\":\"https:\\\/\\\/incandescente.com.br\\\/blog\\\/acessibilidade\\\/#primaryimage\"},\"image\":{\"@id\":\"https:\\\/\\\/incandescente.com.br\\\/blog\\\/acessibilidade\\\/#primaryimage\"},\"thumbnailUrl\":\"https:\\\/\\\/incandescente.com.br\\\/blog\\\/wp-content\\\/uploads\\\/2021\\\/07\\\/Acessibilidade.jpg\",\"datePublished\":\"2021-07-01T17:21:39+00:00\",\"dateModified\":\"2023-09-13T14:27:34+00:00\",\"description\":\"Descubra nesse artigo como inserir a acessibilidade em suas redes sociais e aperfei\u00e7oar o seu conte\u00fado para todos os p\u00fablicos.\",\"breadcrumb\":{\"@id\":\"https:\\\/\\\/incandescente.com.br\\\/blog\\\/acessibilidade\\\/#breadcrumb\"},\"inLanguage\":\"pt-BR\",\"potentialAction\":[{\"@type\":\"ReadAction\",\"target\":[\"https:\\\/\\\/incandescente.com.br\\\/blog\\\/acessibilidade\\\/\"]}]},{\"@type\":\"ImageObject\",\"inLanguage\":\"pt-BR\",\"@id\":\"https:\\\/\\\/incandescente.com.br\\\/blog\\\/acessibilidade\\\/#primaryimage\",\"url\":\"https:\\\/\\\/incandescente.com.br\\\/blog\\\/wp-content\\\/uploads\\\/2021\\\/07\\\/Acessibilidade.jpg\",\"contentUrl\":\"https:\\\/\\\/incandescente.com.br\\\/blog\\\/wp-content\\\/uploads\\\/2021\\\/07\\\/Acessibilidade.jpg\",\"width\":770,\"height\":570,\"caption\":\"Acessibilidade\"},{\"@type\":\"BreadcrumbList\",\"@id\":\"https:\\\/\\\/incandescente.com.br\\\/blog\\\/acessibilidade\\\/#breadcrumb\",\"itemListElement\":[{\"@type\":\"ListItem\",\"position\":1,\"name\":\"In\u00edcio\",\"item\":\"https:\\\/\\\/incandescente.com.br\\\/blog\\\/\"},{\"@type\":\"ListItem\",\"position\":2,\"name\":\"Acessibilidade nas Redes Sociais\"}]},{\"@type\":\"WebSite\",\"@id\":\"https:\\\/\\\/incandescente.com.br\\\/blog\\\/#website\",\"url\":\"https:\\\/\\\/incandescente.com.br\\\/blog\\\/\",\"name\":\"Blog Ag\u00eancia Incandescente\",\"description\":\"Conte\u00fados de Marketing Digital e Inbound Marketing.\",\"publisher\":{\"@id\":\"https:\\\/\\\/incandescente.com.br\\\/blog\\\/#organization\"},\"potentialAction\":[{\"@type\":\"SearchAction\",\"target\":{\"@type\":\"EntryPoint\",\"urlTemplate\":\"https:\\\/\\\/incandescente.com.br\\\/blog\\\/?s={search_term_string}\"},\"query-input\":{\"@type\":\"PropertyValueSpecification\",\"valueRequired\":true,\"valueName\":\"search_term_string\"}}],\"inLanguage\":\"pt-BR\"},{\"@type\":\"Organization\",\"@id\":\"https:\\\/\\\/incandescente.com.br\\\/blog\\\/#organization\",\"name\":\"Blog Ag\u00eancia Incandescente\",\"alternateName\":\"Ag\u00eancia Incandescente\",\"url\":\"https:\\\/\\\/incandescente.com.br\\\/blog\\\/\",\"logo\":{\"@type\":\"ImageObject\",\"inLanguage\":\"pt-BR\",\"@id\":\"https:\\\/\\\/incandescente.com.br\\\/blog\\\/#\\\/schema\\\/logo\\\/image\\\/\",\"url\":\"https:\\\/\\\/incandescente.com.br\\\/blog\\\/wp-content\\\/uploads\\\/2023\\\/10\\\/logo-incand.png\",\"contentUrl\":\"https:\\\/\\\/incandescente.com.br\\\/blog\\\/wp-content\\\/uploads\\\/2023\\\/10\\\/logo-incand.png\",\"width\":1501,\"height\":294,\"caption\":\"Blog Ag\u00eancia Incandescente\"},\"image\":{\"@id\":\"https:\\\/\\\/incandescente.com.br\\\/blog\\\/#\\\/schema\\\/logo\\\/image\\\/\"}},{\"@type\":\"Person\",\"@id\":\"https:\\\/\\\/incandescente.com.br\\\/blog\\\/#\\\/schema\\\/person\\\/b4d9bfd0253f0cd4d63bfa5b64644fce\",\"name\":\"Ag\u00eancia Incandescente\",\"image\":{\"@type\":\"ImageObject\",\"inLanguage\":\"pt-BR\",\"@id\":\"https:\\\/\\\/secure.gravatar.com\\\/avatar\\\/4be7b716693920f4cf8ecb21b332e272427e6bb537e2e9398459f0b1d3c24bc8?s=96&d=wp_user_avatar&r=g\",\"url\":\"https:\\\/\\\/secure.gravatar.com\\\/avatar\\\/4be7b716693920f4cf8ecb21b332e272427e6bb537e2e9398459f0b1d3c24bc8?s=96&d=wp_user_avatar&r=g\",\"contentUrl\":\"https:\\\/\\\/secure.gravatar.com\\\/avatar\\\/4be7b716693920f4cf8ecb21b332e272427e6bb537e2e9398459f0b1d3c24bc8?s=96&d=wp_user_avatar&r=g\",\"caption\":\"Ag\u00eancia Incandescente\"},\"description\":\"A Incandescente \u00e9 uma ag\u00eancia de marketing digital no ABC, que desenvolve estrat\u00e9gias consistentes para que sua empresa se comunique e proporcione experi\u00eancias para o seu potencial cliente, com a participa\u00e7\u00e3o efetiva do seu time de vendas.\",\"url\":\"https:\\\/\\\/incandescente.com.br\\\/blog\\\/autor\\\/blogincand-admin\\\/\"}]}<\/script>\n<!-- \/ Yoast SEO plugin. -->","yoast_head_json":{"title":"Como inserir a acessibilidade para as suas Redes Sociais?","description":"Descubra nesse artigo como inserir a acessibilidade em suas redes sociais e aperfei\u00e7oar o seu conte\u00fado para todos os p\u00fablicos.","robots":{"index":"index","follow":"follow","max-snippet":"max-snippet:-1","max-image-preview":"max-image-preview:large","max-video-preview":"max-video-preview:-1"},"canonical":"https:\/\/incandescente.com.br\/blog\/acessibilidade\/","og_locale":"pt_BR","og_type":"article","og_title":"Como inserir a acessibilidade para as suas Redes Sociais?","og_description":"Descubra nesse artigo como inserir a acessibilidade em suas redes sociais e aperfei\u00e7oar o seu conte\u00fado para todos os p\u00fablicos.","og_url":"https:\/\/incandescente.com.br\/blog\/acessibilidade\/","og_site_name":"Blog Ag\u00eancia Incandescente","article_published_time":"2021-07-01T17:21:39+00:00","article_modified_time":"2023-09-13T14:27:34+00:00","og_image":[{"width":770,"height":570,"url":"https:\/\/incandescente.com.br\/blog\/wp-content\/uploads\/2021\/07\/Acessibilidade.jpg","type":"image\/jpeg"}],"author":"Ag\u00eancia Incandescente","twitter_card":"summary_large_image","twitter_misc":{"Escrito por":"Ag\u00eancia Incandescente","Est. tempo de leitura":"5 minutos"},"schema":{"@context":"https:\/\/schema.org","@graph":[{"@type":"Article","@id":"https:\/\/incandescente.com.br\/blog\/acessibilidade\/#article","isPartOf":{"@id":"https:\/\/incandescente.com.br\/blog\/acessibilidade\/"},"author":{"name":"Ag\u00eancia Incandescente","@id":"https:\/\/incandescente.com.br\/blog\/#\/schema\/person\/b4d9bfd0253f0cd4d63bfa5b64644fce"},"headline":"Acessibilidade nas Redes Sociais","datePublished":"2021-07-01T17:21:39+00:00","dateModified":"2023-09-13T14:27:34+00:00","mainEntityOfPage":{"@id":"https:\/\/incandescente.com.br\/blog\/acessibilidade\/"},"wordCount":611,"publisher":{"@id":"https:\/\/incandescente.com.br\/blog\/#organization"},"image":{"@id":"https:\/\/incandescente.com.br\/blog\/acessibilidade\/#primaryimage"},"thumbnailUrl":"https:\/\/incandescente.com.br\/blog\/wp-content\/uploads\/2021\/07\/Acessibilidade.jpg","keywords":["acessibilidade","redes sociais","redes sociais acess\u00edveis","social media","texto alternativo"],"articleSection":["Redes Sociais"],"inLanguage":"pt-BR"},{"@type":"WebPage","@id":"https:\/\/incandescente.com.br\/blog\/acessibilidade\/","url":"https:\/\/incandescente.com.br\/blog\/acessibilidade\/","name":"Como inserir a acessibilidade para as suas Redes Sociais?","isPartOf":{"@id":"https:\/\/incandescente.com.br\/blog\/#website"},"primaryImageOfPage":{"@id":"https:\/\/incandescente.com.br\/blog\/acessibilidade\/#primaryimage"},"image":{"@id":"https:\/\/incandescente.com.br\/blog\/acessibilidade\/#primaryimage"},"thumbnailUrl":"https:\/\/incandescente.com.br\/blog\/wp-content\/uploads\/2021\/07\/Acessibilidade.jpg","datePublished":"2021-07-01T17:21:39+00:00","dateModified":"2023-09-13T14:27:34+00:00","description":"Descubra nesse artigo como inserir a acessibilidade em suas redes sociais e aperfei\u00e7oar o seu conte\u00fado para todos os p\u00fablicos.","breadcrumb":{"@id":"https:\/\/incandescente.com.br\/blog\/acessibilidade\/#breadcrumb"},"inLanguage":"pt-BR","potentialAction":[{"@type":"ReadAction","target":["https:\/\/incandescente.com.br\/blog\/acessibilidade\/"]}]},{"@type":"ImageObject","inLanguage":"pt-BR","@id":"https:\/\/incandescente.com.br\/blog\/acessibilidade\/#primaryimage","url":"https:\/\/incandescente.com.br\/blog\/wp-content\/uploads\/2021\/07\/Acessibilidade.jpg","contentUrl":"https:\/\/incandescente.com.br\/blog\/wp-content\/uploads\/2021\/07\/Acessibilidade.jpg","width":770,"height":570,"caption":"Acessibilidade"},{"@type":"BreadcrumbList","@id":"https:\/\/incandescente.com.br\/blog\/acessibilidade\/#breadcrumb","itemListElement":[{"@type":"ListItem","position":1,"name":"In\u00edcio","item":"https:\/\/incandescente.com.br\/blog\/"},{"@type":"ListItem","position":2,"name":"Acessibilidade nas Redes Sociais"}]},{"@type":"WebSite","@id":"https:\/\/incandescente.com.br\/blog\/#website","url":"https:\/\/incandescente.com.br\/blog\/","name":"Blog Ag\u00eancia Incandescente","description":"Conte\u00fados de Marketing Digital e Inbound Marketing.","publisher":{"@id":"https:\/\/incandescente.com.br\/blog\/#organization"},"potentialAction":[{"@type":"SearchAction","target":{"@type":"EntryPoint","urlTemplate":"https:\/\/incandescente.com.br\/blog\/?s={search_term_string}"},"query-input":{"@type":"PropertyValueSpecification","valueRequired":true,"valueName":"search_term_string"}}],"inLanguage":"pt-BR"},{"@type":"Organization","@id":"https:\/\/incandescente.com.br\/blog\/#organization","name":"Blog Ag\u00eancia Incandescente","alternateName":"Ag\u00eancia Incandescente","url":"https:\/\/incandescente.com.br\/blog\/","logo":{"@type":"ImageObject","inLanguage":"pt-BR","@id":"https:\/\/incandescente.com.br\/blog\/#\/schema\/logo\/image\/","url":"https:\/\/incandescente.com.br\/blog\/wp-content\/uploads\/2023\/10\/logo-incand.png","contentUrl":"https:\/\/incandescente.com.br\/blog\/wp-content\/uploads\/2023\/10\/logo-incand.png","width":1501,"height":294,"caption":"Blog Ag\u00eancia Incandescente"},"image":{"@id":"https:\/\/incandescente.com.br\/blog\/#\/schema\/logo\/image\/"}},{"@type":"Person","@id":"https:\/\/incandescente.com.br\/blog\/#\/schema\/person\/b4d9bfd0253f0cd4d63bfa5b64644fce","name":"Ag\u00eancia Incandescente","image":{"@type":"ImageObject","inLanguage":"pt-BR","@id":"https:\/\/secure.gravatar.com\/avatar\/4be7b716693920f4cf8ecb21b332e272427e6bb537e2e9398459f0b1d3c24bc8?s=96&d=wp_user_avatar&r=g","url":"https:\/\/secure.gravatar.com\/avatar\/4be7b716693920f4cf8ecb21b332e272427e6bb537e2e9398459f0b1d3c24bc8?s=96&d=wp_user_avatar&r=g","contentUrl":"https:\/\/secure.gravatar.com\/avatar\/4be7b716693920f4cf8ecb21b332e272427e6bb537e2e9398459f0b1d3c24bc8?s=96&d=wp_user_avatar&r=g","caption":"Ag\u00eancia Incandescente"},"description":"A Incandescente \u00e9 uma ag\u00eancia de marketing digital no ABC, que desenvolve estrat\u00e9gias consistentes para que sua empresa se comunique e proporcione experi\u00eancias para o seu potencial cliente, com a participa\u00e7\u00e3o efetiva do seu time de vendas.","url":"https:\/\/incandescente.com.br\/blog\/autor\/blogincand-admin\/"}]}},"_links":{"self":[{"href":"https:\/\/incandescente.com.br\/blog\/wp-json\/wp\/v2\/posts\/2652","targetHints":{"allow":["GET"]}}],"collection":[{"href":"https:\/\/incandescente.com.br\/blog\/wp-json\/wp\/v2\/posts"}],"about":[{"href":"https:\/\/incandescente.com.br\/blog\/wp-json\/wp\/v2\/types\/post"}],"author":[{"embeddable":true,"href":"https:\/\/incandescente.com.br\/blog\/wp-json\/wp\/v2\/users\/1"}],"replies":[{"embeddable":true,"href":"https:\/\/incandescente.com.br\/blog\/wp-json\/wp\/v2\/comments?post=2652"}],"version-history":[{"count":1,"href":"https:\/\/incandescente.com.br\/blog\/wp-json\/wp\/v2\/posts\/2652\/revisions"}],"predecessor-version":[{"id":4329,"href":"https:\/\/incandescente.com.br\/blog\/wp-json\/wp\/v2\/posts\/2652\/revisions\/4329"}],"wp:featuredmedia":[{"embeddable":true,"href":"https:\/\/incandescente.com.br\/blog\/wp-json\/wp\/v2\/media\/2662"}],"wp:attachment":[{"href":"https:\/\/incandescente.com.br\/blog\/wp-json\/wp\/v2\/media?parent=2652"}],"wp:term":[{"taxonomy":"category","embeddable":true,"href":"https:\/\/incandescente.com.br\/blog\/wp-json\/wp\/v2\/categories?post=2652"},{"taxonomy":"post_tag","embeddable":true,"href":"https:\/\/incandescente.com.br\/blog\/wp-json\/wp\/v2\/tags?post=2652"}],"curies":[{"name":"wp","href":"https:\/\/api.w.org\/{rel}","templated":true}]}}