{"id":2775,"date":"2021-08-11T17:35:45","date_gmt":"2021-08-11T20:35:45","guid":{"rendered":"https:\/\/incandescente.com.br\/blog\/?p=2775"},"modified":"2021-08-11T17:35:45","modified_gmt":"2021-08-11T20:35:45","slug":"compartilhar-fotos","status":"publish","type":"post","link":"https:\/\/incandescente.com.br\/blog\/compartilhar-fotos\/","title":{"rendered":"O Instagram n\u00e3o \u00e9 mais um app para compartilhar fotos?"},"content":{"rendered":"\n<p>Quando foi lan\u00e7ado, o Instagram era usado para mostrar momentos do cotidiano. Com os milhares de filtros e o tamanho quadrado, a febre de <strong>compartilhar fotos<\/strong> se instalou nas nossas vidas.<\/p>\n\n\n\n<p>Entretanto, nas \u00faltimas semanas, foi divulgado por Adam Mosseri que a plataforma n\u00e3o ter\u00e1 mais esse foco, mudando ent\u00e3o para a \u00e1rea dos v\u00eddeos, como o Tik Tok.<\/p>\n\n\n\n<p>Continue lendo esse artigo e descubra como permanecer na rede e n\u00e3o estagnar nas atualiza\u00e7\u00f5es, assim, fazendo o seu perfil bombar.<\/p>\n\n\n\n<div class=\"wp-block-spacer\" style=\"height: 30px;\" aria-hidden=\"true\">\u00a0<\/div>\n\n\n\n<h2 class=\"wp-block-heading\">Por que n\u00e3o posso mais compartilhar fotos?<\/h2>\n\n\n\n<p>N\u00e3o \u00e9 que os perfis s\u00f3 poder\u00e3o postar v\u00eddeos, mas, ao que tudo indica, o futuro para viralizar e ter uma conta de sucesso \u00e9 a combina\u00e7\u00e3o de um bom conte\u00fado com uma explica\u00e7\u00e3o que prenda o seguidor.<\/p>\n\n\n\n<p>Com base em estat\u00edsticas, \u00e9 comprovado que as pessoas querem absorver informa\u00e7\u00f5es com mais agilidade, e a fun\u00e7\u00e3o de gravar um v\u00eddeo \u00e9 exatamente essa, ensinar da forma eficiente e pr\u00e1tica.<\/p>\n\n\n\n<p>Logo, por conta da pandemia, aplicativos como o Tik Tok ganharam destaque, sendo uma das \u00fanicas distra\u00e7\u00f5es em casa, consumir esse conte\u00fado se tornou rotina no dia a dia.<\/p>\n\n\n\n<div class=\"wp-block-spacer\" style=\"height: 30px;\" aria-hidden=\"true\">\u00a0<\/div>\n\n\n\n<h2 class=\"wp-block-heading\">Mas, ent\u00e3o eu tenho que fazer dancinhas?<\/h2>\n\n\n\n<p>Haha, n\u00e3o. Achar que o Reels \u00e9 apenas uma ferramenta para humor ou trends \u00e9 o maior erro do empreendedor digital. Tenha em mente que voc\u00ea pode fazer um conte\u00fado s\u00e9rio com m\u00fasica, e isso n\u00e3o tira a sua credibilidade.<\/p>\n\n\n\n<p>Dessa forma, monetizar as suas redes sociais deve ser uma prioridade nesse momento. Aproveite todas as atualiza\u00e7\u00f5es para conseguir crescer de forma f\u00e1cil e org\u00e2nica, n\u00e3o fique parado no tempo apenas pensando em <strong>compartilhar fotos.<\/strong><\/p>\n\n\n\n<div class=\"wp-block-spacer\" style=\"height: 30px;\" aria-hidden=\"true\">\u00a0<\/div>\n\n\n\n<h2 class=\"wp-block-heading\">E agora? Devo mudar todo o meu conte\u00fado?<\/h2>\n\n\n\n<p>Calma! Sabemos que o monte de not\u00edcias sobre a fala do chef\u00e3o no Instagram pode assustar e at\u00e9 desanimar alguns criadores de conte\u00fado.<\/p>\n\n\n\n<p>Por isso, separamos alguns fatos que far\u00e3o diferen\u00e7a na hora de acompanhar todas as novidades, confira a seguir:<\/p>\n\n\n\n<p><em><em><em>Leia tamb\u00e9m: <a href=\"https:\/\/incandescente.com.br\/blog\/likes-no-instagram\/\">Pol\u00edtica de likes no Instagram<\/a><\/em><\/em><\/em><\/p>\n\n\n\n<figure class=\"wp-block-image size-large\"><a href=\"https:\/\/materiais.incandescente.com.br\/servicos-de-marketing-digital\"><img loading=\"lazy\" decoding=\"async\" width=\"1024\" height=\"213\" src=\"https:\/\/incandescente.com.br\/blog\/wp-content\/uploads\/2024\/08\/Incand_LP_CTAs_2024_08-1024x213.png\" alt=\"\" class=\"wp-image-4820\" srcset=\"https:\/\/incandescente.com.br\/blog\/wp-content\/uploads\/2024\/08\/Incand_LP_CTAs_2024_08-1024x213.png 1024w, https:\/\/incandescente.com.br\/blog\/wp-content\/uploads\/2024\/08\/Incand_LP_CTAs_2024_08-300x63.png 300w, https:\/\/incandescente.com.br\/blog\/wp-content\/uploads\/2024\/08\/Incand_LP_CTAs_2024_08-768x160.png 768w, https:\/\/incandescente.com.br\/blog\/wp-content\/uploads\/2024\/08\/Incand_LP_CTAs_2024_08-1536x320.png 1536w, https:\/\/incandescente.com.br\/blog\/wp-content\/uploads\/2024\/08\/Incand_LP_CTAs_2024_08.png 1920w\" sizes=\"auto, (max-width: 1024px) 100vw, 1024px\" \/><\/a><\/figure>\n\n\n\n<div class=\"wp-block-spacer\" style=\"height: 30px;\" aria-hidden=\"true\">\u00a0<\/div>\n\n\n\n<h2 class=\"wp-block-heading\">1.\u00a0\u00a0\u00a0\u00a0\u00a0 Fique atento nas mudan\u00e7as e atualiza\u00e7\u00f5es<\/h2>\n\n\n\n<p>Sempre que tem um lan\u00e7amento, ele bomba. Seja com os stories, IGTV e agora, o famoso Reels. Logo, os perfis mais adapt\u00e1veis devem se destacar nesses algoritmos, tudo que \u00e9 novo e aut\u00eantico acaba ganhando mais aten\u00e7\u00e3o.<\/p>\n\n\n\n<p>Dessa maneira, jamais deixe de ousar e esque\u00e7a a vergonha, ela te impedir\u00e1 de crescer e ir\u00e1 te estagnar para s\u00f3 <strong>compartilhar fotos<\/strong>. \u00c9 como o nosso CEO diz: \u201cSe voc\u00ea n\u00e3o est\u00e1 disposto a arriscar, ter\u00e1 de se contentar com o comum.\u201d<\/p>\n\n\n\n<div class=\"wp-block-spacer\" style=\"height: 30px;\" aria-hidden=\"true\">\u00a0<\/div>\n\n\n\n<h2 class=\"wp-block-heading\">2.\u00a0\u00a0\u00a0\u00a0\u00a0 Domine o seu p\u00fablico<\/h2>\n\n\n\n<p>Prender a aten\u00e7\u00e3o do seu seguidor e despertar o interesse \u00e9 a base de qualquer perfil de sucesso. Para isso acontecer, primeiro ter o dom\u00ednio do que mais engaja \u00e9 essencial, ap\u00f3s isso explore suas vertentes.<\/p>\n\n\n\n<p>\u201cMas, eu n\u00e3o irei ficar sem conte\u00fado? E se as ideias acabarem?\u201d, nenhuma \u00e1rea fica sem novidades e nenhum nicho tem quantidade limitada de caminhos, por isso, um bom planejamento antes \u00e9 o ideal!<\/p>\n\n\n\n<div class=\"wp-block-spacer\" style=\"height: 30px;\" aria-hidden=\"true\">\u00a0<\/div>\n\n\n\n<h2 class=\"wp-block-heading\">3.\u00a0\u00a0\u00a0\u00a0\u00a0 Fale, repita e fale de novo<\/h2>\n\n\n\n<p>Repetir a mesma informa\u00e7\u00e3o, mas de formas diferentes \u00e9 mais que certo, temos que ter em mente que cada pessoa aprende de uma forma, logo v\u00e1rias explica\u00e7\u00f5es sobre o mesmo assunto podem render muito.<\/p>\n\n\n\n<p>Ent\u00e3o, pense e se coloque no lugar de quem est\u00e1 vendo o seu post, o que voc\u00ea poderia acrescentar e como fixar a sua voz ou a sua identidade nesse seguidor, assim fidelizando ele na sua conta sem apenas <strong>compartilhar fotos<\/strong>.<\/p>\n\n\n\n<div class=\"wp-block-spacer\" style=\"height: 30px;\" aria-hidden=\"true\">\u00a0<\/div>\n\n\n\n<h2 class=\"wp-block-heading\">O recado est\u00e1 dado!<\/h2>\n\n\n\n<p>Por fim, o melhor a se fazer nesse momento \u00e9 ficar atento e reelaborar suas postagens, conforme queira crescer na rede e se destacar, ter a desenvoltura para falar \u00e9 essencial nessa nova fase de n\u00e3o <strong>compartilhar fotos<\/strong>.<\/p>\n\n\n\n<p>Al\u00e9m disso, a vontade de aparecer e o anseio pelo dom\u00ednio do p\u00fablico tem que estar na sua mente, n\u00e3o adianta de nada querer um \u00f3timo perfil sem ao menos o seu p\u00fablico saber quem \u00e9 voc\u00ea, se liga!<\/p>\n\n\n\n<p>E agora qual, ser\u00e1 a pr\u00f3xima atualiza\u00e7\u00e3o que ir\u00e1 nos fazer sair da rotina? Continue acompanhando os meus artigos e fique por dentro de tudo que rola nas redes sociais.<\/p>\n\n\n\n<p><\/p>\n","protected":false},"excerpt":{"rendered":"<p>Quando foi lan\u00e7ado, o Instagram era usado para mostrar momentos do cotidiano. Com os milhares de filtros e o tamanho quadrado, a febre de compartilhar fotos se instalou nas nossas vidas. Entretanto, nas \u00faltimas semanas, foi divulgado por Adam Mosseri que a plataforma n\u00e3o ter\u00e1 mais esse foco, mudando ent\u00e3o para a \u00e1rea dos v\u00eddeos, [&hellip;]<\/p>\n","protected":false},"author":1,"featured_media":2777,"comment_status":"closed","ping_status":"closed","sticky":false,"template":"","format":"standard","meta":{"_uf_show_specific_survey":0,"_uf_disable_surveys":false,"footnotes":""},"categories":[3,66],"tags":[447,316,34,448,326,327,439,126,440],"class_list":["post-2775","post","type-post","status-publish","format-standard","has-post-thumbnail","hentry","category-marketing-digital","category-redes-sociais","tag-fotos","tag-igtv","tag-instagram","tag-posts","tag-reels","tag-reels-no-instagram","tag-tik-tok","tag-videos","tag-videos-tik-tok"],"yoast_head":"<!-- This site is optimized with the Yoast SEO plugin v27.4 - https:\/\/yoast.com\/product\/yoast-seo-wordpress\/ -->\n<title>O Instagram n\u00e3o \u00e9 mais um app para compartilhar fotos?<\/title>\n<meta name=\"description\" content=\"Voc\u00ea insiste em compartilhar fotos mas est\u00e1 engajando? Neste artigo vamos esclarecer suas d\u00favidas sobre o futuro do Instagram.\" \/>\n<meta name=\"robots\" content=\"index, follow, max-snippet:-1, max-image-preview:large, max-video-preview:-1\" \/>\n<link rel=\"canonical\" href=\"https:\/\/blackbeans.com.br\/blog\/compartilhar-fotos\/\" \/>\n<meta property=\"og:locale\" content=\"pt_BR\" \/>\n<meta property=\"og:type\" content=\"article\" \/>\n<meta property=\"og:title\" content=\"O Instagram n\u00e3o \u00e9 mais um app para compartilhar fotos?\" \/>\n<meta property=\"og:description\" content=\"Voc\u00ea insiste em compartilhar fotos mas est\u00e1 engajando? Neste artigo vamos esclarecer suas d\u00favidas sobre o futuro do Instagram.\" \/>\n<meta property=\"og:url\" content=\"https:\/\/blackbeans.com.br\/blog\/compartilhar-fotos\/\" \/>\n<meta property=\"og:site_name\" content=\"Blog Ag\u00eancia Incandescente\" \/>\n<meta property=\"article:published_time\" content=\"2021-08-11T20:35:45+00:00\" \/>\n<meta property=\"og:image\" content=\"https:\/\/incandescente.com.br\/blog\/wp-content\/uploads\/2021\/08\/Design-sem-nome-2.png\" \/>\n\t<meta property=\"og:image:width\" content=\"720\" \/>\n\t<meta property=\"og:image:height\" content=\"480\" \/>\n\t<meta property=\"og:image:type\" content=\"image\/png\" \/>\n<meta name=\"author\" content=\"Ag\u00eancia Incandescente\" \/>\n<meta name=\"twitter:card\" content=\"summary_large_image\" \/>\n<meta name=\"twitter:label1\" content=\"Escrito por\" \/>\n\t<meta name=\"twitter:data1\" content=\"Ag\u00eancia Incandescente\" \/>\n\t<meta name=\"twitter:label2\" content=\"Est. tempo de leitura\" \/>\n\t<meta name=\"twitter:data2\" content=\"4 minutos\" \/>\n<script type=\"application\/ld+json\" class=\"yoast-schema-graph\">{\"@context\":\"https:\\\/\\\/schema.org\",\"@graph\":[{\"@type\":\"Article\",\"@id\":\"https:\\\/\\\/blackbeans.com.br\\\/blog\\\/compartilhar-fotos\\\/#article\",\"isPartOf\":{\"@id\":\"https:\\\/\\\/incandescente.com.br\\\/blog\\\/compartilhar-fotos\\\/\"},\"author\":{\"name\":\"Ag\u00eancia Incandescente\",\"@id\":\"https:\\\/\\\/incandescente.com.br\\\/blog\\\/#\\\/schema\\\/person\\\/b4d9bfd0253f0cd4d63bfa5b64644fce\"},\"headline\":\"O Instagram n\u00e3o \u00e9 mais um app para compartilhar fotos?\",\"datePublished\":\"2021-08-11T20:35:45+00:00\",\"mainEntityOfPage\":{\"@id\":\"https:\\\/\\\/incandescente.com.br\\\/blog\\\/compartilhar-fotos\\\/\"},\"wordCount\":734,\"publisher\":{\"@id\":\"https:\\\/\\\/incandescente.com.br\\\/blog\\\/#organization\"},\"image\":{\"@id\":\"https:\\\/\\\/blackbeans.com.br\\\/blog\\\/compartilhar-fotos\\\/#primaryimage\"},\"thumbnailUrl\":\"https:\\\/\\\/incandescente.com.br\\\/blog\\\/wp-content\\\/uploads\\\/2021\\\/08\\\/Design-sem-nome-2.png\",\"keywords\":[\"Fotos\",\"IGTV\",\"Instagram\",\"Posts\",\"Reels\",\"Reels no Instagram\",\"Tik Tok\",\"v\u00eddeos\",\"V\u00eddeos Tik Tok\"],\"articleSection\":[\"Marketing Digital\",\"Redes Sociais\"],\"inLanguage\":\"pt-BR\"},{\"@type\":\"WebPage\",\"@id\":\"https:\\\/\\\/incandescente.com.br\\\/blog\\\/compartilhar-fotos\\\/\",\"url\":\"https:\\\/\\\/blackbeans.com.br\\\/blog\\\/compartilhar-fotos\\\/\",\"name\":\"O Instagram n\u00e3o \u00e9 mais um app para compartilhar fotos?\",\"isPartOf\":{\"@id\":\"https:\\\/\\\/incandescente.com.br\\\/blog\\\/#website\"},\"primaryImageOfPage\":{\"@id\":\"https:\\\/\\\/blackbeans.com.br\\\/blog\\\/compartilhar-fotos\\\/#primaryimage\"},\"image\":{\"@id\":\"https:\\\/\\\/blackbeans.com.br\\\/blog\\\/compartilhar-fotos\\\/#primaryimage\"},\"thumbnailUrl\":\"https:\\\/\\\/incandescente.com.br\\\/blog\\\/wp-content\\\/uploads\\\/2021\\\/08\\\/Design-sem-nome-2.png\",\"datePublished\":\"2021-08-11T20:35:45+00:00\",\"description\":\"Voc\u00ea insiste em compartilhar fotos mas est\u00e1 engajando? Neste artigo vamos esclarecer suas d\u00favidas sobre o futuro do Instagram.\",\"breadcrumb\":{\"@id\":\"https:\\\/\\\/blackbeans.com.br\\\/blog\\\/compartilhar-fotos\\\/#breadcrumb\"},\"inLanguage\":\"pt-BR\",\"potentialAction\":[{\"@type\":\"ReadAction\",\"target\":[\"https:\\\/\\\/blackbeans.com.br\\\/blog\\\/compartilhar-fotos\\\/\"]}]},{\"@type\":\"ImageObject\",\"inLanguage\":\"pt-BR\",\"@id\":\"https:\\\/\\\/blackbeans.com.br\\\/blog\\\/compartilhar-fotos\\\/#primaryimage\",\"url\":\"https:\\\/\\\/incandescente.com.br\\\/blog\\\/wp-content\\\/uploads\\\/2021\\\/08\\\/Design-sem-nome-2.png\",\"contentUrl\":\"https:\\\/\\\/incandescente.com.br\\\/blog\\\/wp-content\\\/uploads\\\/2021\\\/08\\\/Design-sem-nome-2.png\",\"width\":720,\"height\":480},{\"@type\":\"BreadcrumbList\",\"@id\":\"https:\\\/\\\/blackbeans.com.br\\\/blog\\\/compartilhar-fotos\\\/#breadcrumb\",\"itemListElement\":[{\"@type\":\"ListItem\",\"position\":1,\"name\":\"In\u00edcio\",\"item\":\"https:\\\/\\\/incandescente.com.br\\\/blog\\\/\"},{\"@type\":\"ListItem\",\"position\":2,\"name\":\"O Instagram n\u00e3o \u00e9 mais um app para compartilhar fotos?\"}]},{\"@type\":\"WebSite\",\"@id\":\"https:\\\/\\\/incandescente.com.br\\\/blog\\\/#website\",\"url\":\"https:\\\/\\\/incandescente.com.br\\\/blog\\\/\",\"name\":\"Blog Ag\u00eancia Incandescente\",\"description\":\"Conte\u00fados de Marketing Digital e Inbound Marketing.\",\"publisher\":{\"@id\":\"https:\\\/\\\/incandescente.com.br\\\/blog\\\/#organization\"},\"potentialAction\":[{\"@type\":\"SearchAction\",\"target\":{\"@type\":\"EntryPoint\",\"urlTemplate\":\"https:\\\/\\\/incandescente.com.br\\\/blog\\\/?s={search_term_string}\"},\"query-input\":{\"@type\":\"PropertyValueSpecification\",\"valueRequired\":true,\"valueName\":\"search_term_string\"}}],\"inLanguage\":\"pt-BR\"},{\"@type\":\"Organization\",\"@id\":\"https:\\\/\\\/incandescente.com.br\\\/blog\\\/#organization\",\"name\":\"Blog Ag\u00eancia Incandescente\",\"alternateName\":\"Ag\u00eancia Incandescente\",\"url\":\"https:\\\/\\\/incandescente.com.br\\\/blog\\\/\",\"logo\":{\"@type\":\"ImageObject\",\"inLanguage\":\"pt-BR\",\"@id\":\"https:\\\/\\\/incandescente.com.br\\\/blog\\\/#\\\/schema\\\/logo\\\/image\\\/\",\"url\":\"https:\\\/\\\/incandescente.com.br\\\/blog\\\/wp-content\\\/uploads\\\/2023\\\/10\\\/logo-incand.png\",\"contentUrl\":\"https:\\\/\\\/incandescente.com.br\\\/blog\\\/wp-content\\\/uploads\\\/2023\\\/10\\\/logo-incand.png\",\"width\":1501,\"height\":294,\"caption\":\"Blog Ag\u00eancia Incandescente\"},\"image\":{\"@id\":\"https:\\\/\\\/incandescente.com.br\\\/blog\\\/#\\\/schema\\\/logo\\\/image\\\/\"}},{\"@type\":\"Person\",\"@id\":\"https:\\\/\\\/incandescente.com.br\\\/blog\\\/#\\\/schema\\\/person\\\/b4d9bfd0253f0cd4d63bfa5b64644fce\",\"name\":\"Ag\u00eancia Incandescente\",\"image\":{\"@type\":\"ImageObject\",\"inLanguage\":\"pt-BR\",\"@id\":\"https:\\\/\\\/secure.gravatar.com\\\/avatar\\\/4be7b716693920f4cf8ecb21b332e272427e6bb537e2e9398459f0b1d3c24bc8?s=96&d=wp_user_avatar&r=g\",\"url\":\"https:\\\/\\\/secure.gravatar.com\\\/avatar\\\/4be7b716693920f4cf8ecb21b332e272427e6bb537e2e9398459f0b1d3c24bc8?s=96&d=wp_user_avatar&r=g\",\"contentUrl\":\"https:\\\/\\\/secure.gravatar.com\\\/avatar\\\/4be7b716693920f4cf8ecb21b332e272427e6bb537e2e9398459f0b1d3c24bc8?s=96&d=wp_user_avatar&r=g\",\"caption\":\"Ag\u00eancia Incandescente\"},\"description\":\"A Incandescente \u00e9 uma ag\u00eancia de marketing digital no ABC, que desenvolve estrat\u00e9gias consistentes para que sua empresa se comunique e proporcione experi\u00eancias para o seu potencial cliente, com a participa\u00e7\u00e3o efetiva do seu time de vendas.\",\"url\":\"https:\\\/\\\/incandescente.com.br\\\/blog\\\/autor\\\/blogincand-admin\\\/\"}]}<\/script>\n<!-- \/ Yoast SEO plugin. -->","yoast_head_json":{"title":"O Instagram n\u00e3o \u00e9 mais um app para compartilhar fotos?","description":"Voc\u00ea insiste em compartilhar fotos mas est\u00e1 engajando? Neste artigo vamos esclarecer suas d\u00favidas sobre o futuro do Instagram.","robots":{"index":"index","follow":"follow","max-snippet":"max-snippet:-1","max-image-preview":"max-image-preview:large","max-video-preview":"max-video-preview:-1"},"canonical":"https:\/\/blackbeans.com.br\/blog\/compartilhar-fotos\/","og_locale":"pt_BR","og_type":"article","og_title":"O Instagram n\u00e3o \u00e9 mais um app para compartilhar fotos?","og_description":"Voc\u00ea insiste em compartilhar fotos mas est\u00e1 engajando? Neste artigo vamos esclarecer suas d\u00favidas sobre o futuro do Instagram.","og_url":"https:\/\/blackbeans.com.br\/blog\/compartilhar-fotos\/","og_site_name":"Blog Ag\u00eancia Incandescente","article_published_time":"2021-08-11T20:35:45+00:00","og_image":[{"width":720,"height":480,"url":"https:\/\/incandescente.com.br\/blog\/wp-content\/uploads\/2021\/08\/Design-sem-nome-2.png","type":"image\/png"}],"author":"Ag\u00eancia Incandescente","twitter_card":"summary_large_image","twitter_misc":{"Escrito por":"Ag\u00eancia Incandescente","Est. tempo de leitura":"4 minutos"},"schema":{"@context":"https:\/\/schema.org","@graph":[{"@type":"Article","@id":"https:\/\/blackbeans.com.br\/blog\/compartilhar-fotos\/#article","isPartOf":{"@id":"https:\/\/incandescente.com.br\/blog\/compartilhar-fotos\/"},"author":{"name":"Ag\u00eancia Incandescente","@id":"https:\/\/incandescente.com.br\/blog\/#\/schema\/person\/b4d9bfd0253f0cd4d63bfa5b64644fce"},"headline":"O Instagram n\u00e3o \u00e9 mais um app para compartilhar fotos?","datePublished":"2021-08-11T20:35:45+00:00","mainEntityOfPage":{"@id":"https:\/\/incandescente.com.br\/blog\/compartilhar-fotos\/"},"wordCount":734,"publisher":{"@id":"https:\/\/incandescente.com.br\/blog\/#organization"},"image":{"@id":"https:\/\/blackbeans.com.br\/blog\/compartilhar-fotos\/#primaryimage"},"thumbnailUrl":"https:\/\/incandescente.com.br\/blog\/wp-content\/uploads\/2021\/08\/Design-sem-nome-2.png","keywords":["Fotos","IGTV","Instagram","Posts","Reels","Reels no Instagram","Tik Tok","v\u00eddeos","V\u00eddeos Tik Tok"],"articleSection":["Marketing Digital","Redes Sociais"],"inLanguage":"pt-BR"},{"@type":"WebPage","@id":"https:\/\/incandescente.com.br\/blog\/compartilhar-fotos\/","url":"https:\/\/blackbeans.com.br\/blog\/compartilhar-fotos\/","name":"O Instagram n\u00e3o \u00e9 mais um app para compartilhar fotos?","isPartOf":{"@id":"https:\/\/incandescente.com.br\/blog\/#website"},"primaryImageOfPage":{"@id":"https:\/\/blackbeans.com.br\/blog\/compartilhar-fotos\/#primaryimage"},"image":{"@id":"https:\/\/blackbeans.com.br\/blog\/compartilhar-fotos\/#primaryimage"},"thumbnailUrl":"https:\/\/incandescente.com.br\/blog\/wp-content\/uploads\/2021\/08\/Design-sem-nome-2.png","datePublished":"2021-08-11T20:35:45+00:00","description":"Voc\u00ea insiste em compartilhar fotos mas est\u00e1 engajando? Neste artigo vamos esclarecer suas d\u00favidas sobre o futuro do Instagram.","breadcrumb":{"@id":"https:\/\/blackbeans.com.br\/blog\/compartilhar-fotos\/#breadcrumb"},"inLanguage":"pt-BR","potentialAction":[{"@type":"ReadAction","target":["https:\/\/blackbeans.com.br\/blog\/compartilhar-fotos\/"]}]},{"@type":"ImageObject","inLanguage":"pt-BR","@id":"https:\/\/blackbeans.com.br\/blog\/compartilhar-fotos\/#primaryimage","url":"https:\/\/incandescente.com.br\/blog\/wp-content\/uploads\/2021\/08\/Design-sem-nome-2.png","contentUrl":"https:\/\/incandescente.com.br\/blog\/wp-content\/uploads\/2021\/08\/Design-sem-nome-2.png","width":720,"height":480},{"@type":"BreadcrumbList","@id":"https:\/\/blackbeans.com.br\/blog\/compartilhar-fotos\/#breadcrumb","itemListElement":[{"@type":"ListItem","position":1,"name":"In\u00edcio","item":"https:\/\/incandescente.com.br\/blog\/"},{"@type":"ListItem","position":2,"name":"O Instagram n\u00e3o \u00e9 mais um app para compartilhar fotos?"}]},{"@type":"WebSite","@id":"https:\/\/incandescente.com.br\/blog\/#website","url":"https:\/\/incandescente.com.br\/blog\/","name":"Blog Ag\u00eancia Incandescente","description":"Conte\u00fados de Marketing Digital e Inbound Marketing.","publisher":{"@id":"https:\/\/incandescente.com.br\/blog\/#organization"},"potentialAction":[{"@type":"SearchAction","target":{"@type":"EntryPoint","urlTemplate":"https:\/\/incandescente.com.br\/blog\/?s={search_term_string}"},"query-input":{"@type":"PropertyValueSpecification","valueRequired":true,"valueName":"search_term_string"}}],"inLanguage":"pt-BR"},{"@type":"Organization","@id":"https:\/\/incandescente.com.br\/blog\/#organization","name":"Blog Ag\u00eancia Incandescente","alternateName":"Ag\u00eancia Incandescente","url":"https:\/\/incandescente.com.br\/blog\/","logo":{"@type":"ImageObject","inLanguage":"pt-BR","@id":"https:\/\/incandescente.com.br\/blog\/#\/schema\/logo\/image\/","url":"https:\/\/incandescente.com.br\/blog\/wp-content\/uploads\/2023\/10\/logo-incand.png","contentUrl":"https:\/\/incandescente.com.br\/blog\/wp-content\/uploads\/2023\/10\/logo-incand.png","width":1501,"height":294,"caption":"Blog Ag\u00eancia Incandescente"},"image":{"@id":"https:\/\/incandescente.com.br\/blog\/#\/schema\/logo\/image\/"}},{"@type":"Person","@id":"https:\/\/incandescente.com.br\/blog\/#\/schema\/person\/b4d9bfd0253f0cd4d63bfa5b64644fce","name":"Ag\u00eancia Incandescente","image":{"@type":"ImageObject","inLanguage":"pt-BR","@id":"https:\/\/secure.gravatar.com\/avatar\/4be7b716693920f4cf8ecb21b332e272427e6bb537e2e9398459f0b1d3c24bc8?s=96&d=wp_user_avatar&r=g","url":"https:\/\/secure.gravatar.com\/avatar\/4be7b716693920f4cf8ecb21b332e272427e6bb537e2e9398459f0b1d3c24bc8?s=96&d=wp_user_avatar&r=g","contentUrl":"https:\/\/secure.gravatar.com\/avatar\/4be7b716693920f4cf8ecb21b332e272427e6bb537e2e9398459f0b1d3c24bc8?s=96&d=wp_user_avatar&r=g","caption":"Ag\u00eancia Incandescente"},"description":"A Incandescente \u00e9 uma ag\u00eancia de marketing digital no ABC, que desenvolve estrat\u00e9gias consistentes para que sua empresa se comunique e proporcione experi\u00eancias para o seu potencial cliente, com a participa\u00e7\u00e3o efetiva do seu time de vendas.","url":"https:\/\/incandescente.com.br\/blog\/autor\/blogincand-admin\/"}]}},"_links":{"self":[{"href":"https:\/\/incandescente.com.br\/blog\/wp-json\/wp\/v2\/posts\/2775","targetHints":{"allow":["GET"]}}],"collection":[{"href":"https:\/\/incandescente.com.br\/blog\/wp-json\/wp\/v2\/posts"}],"about":[{"href":"https:\/\/incandescente.com.br\/blog\/wp-json\/wp\/v2\/types\/post"}],"author":[{"embeddable":true,"href":"https:\/\/incandescente.com.br\/blog\/wp-json\/wp\/v2\/users\/1"}],"replies":[{"embeddable":true,"href":"https:\/\/incandescente.com.br\/blog\/wp-json\/wp\/v2\/comments?post=2775"}],"version-history":[{"count":0,"href":"https:\/\/incandescente.com.br\/blog\/wp-json\/wp\/v2\/posts\/2775\/revisions"}],"wp:featuredmedia":[{"embeddable":true,"href":"https:\/\/incandescente.com.br\/blog\/wp-json\/wp\/v2\/media\/2777"}],"wp:attachment":[{"href":"https:\/\/incandescente.com.br\/blog\/wp-json\/wp\/v2\/media?parent=2775"}],"wp:term":[{"taxonomy":"category","embeddable":true,"href":"https:\/\/incandescente.com.br\/blog\/wp-json\/wp\/v2\/categories?post=2775"},{"taxonomy":"post_tag","embeddable":true,"href":"https:\/\/incandescente.com.br\/blog\/wp-json\/wp\/v2\/tags?post=2775"}],"curies":[{"name":"wp","href":"https:\/\/api.w.org\/{rel}","templated":true}]}}