{"id":5574,"date":"2026-03-11T08:15:00","date_gmt":"2026-03-11T11:15:00","guid":{"rendered":"https:\/\/incandescente.com.br\/blog\/?p=5574"},"modified":"2026-04-09T15:26:19","modified_gmt":"2026-04-09T18:26:19","slug":"o-poder-da-narrativa-estrategica","status":"publish","type":"post","link":"https:\/\/incandescente.com.br\/blog\/o-poder-da-narrativa-estrategica\/","title":{"rendered":"Empresas que comunicam bem crescem mais: o poder da narrativa estrat\u00e9gica"},"content":{"rendered":"\n<figure class=\"wp-block-image size-full\"><img loading=\"lazy\" decoding=\"async\" width=\"1000\" height=\"667\" src=\"https:\/\/incandescente.com.br\/blog\/wp-content\/uploads\/2026\/03\/O-poder-da-narrativa-estrategica.jpg\" alt=\"\" class=\"wp-image-5575\" srcset=\"https:\/\/incandescente.com.br\/blog\/wp-content\/uploads\/2026\/03\/O-poder-da-narrativa-estrategica.jpg 1000w, https:\/\/incandescente.com.br\/blog\/wp-content\/uploads\/2026\/03\/O-poder-da-narrativa-estrategica-300x200.jpg 300w, https:\/\/incandescente.com.br\/blog\/wp-content\/uploads\/2026\/03\/O-poder-da-narrativa-estrategica-768x512.jpg 768w\" sizes=\"auto, (max-width: 1000px) 100vw, 1000px\" \/><\/figure>\n\n\n\n<p>Existe uma rela\u00e7\u00e3o direta, ainda subestimada, entre crescimento empresarial e clareza narrativa. Em um mercado cada vez mais competitivo, digital e saturado de informa\u00e7\u00f5es, n\u00e3o vence necessariamente quem tem o melhor produto, mas quem consegue explicar melhor o valor que entrega. Empresas que comunicam bem crescem mais porque reduzem ru\u00eddos, criam conex\u00e3o emocional, constroem autoridade e posicionam-se estrategicamente na mente do cliente.<\/p>\n\n\n\n<p>A narrativa empresarial tornou-se um ativo intang\u00edvel de alt\u00edssimo valor. Ela influencia percep\u00e7\u00e3o de marca, acelera processos comerciais, fortalece cultura interna e amplia competitividade. Comunica\u00e7\u00e3o corporativa deixou de ser atividade operacional e passou a ocupar o centro da estrat\u00e9gia de crescimento.<\/p>\n\n\n\n<p>Este artigo aprofunda sete pilares que explicam por que o storytelling estrat\u00e9gico \u00e9 decisivo para empresas que desejam crescer com consist\u00eancia, autoridade e vis\u00e3o de longo prazo.<\/p>\n\n\n\n<h2 class=\"wp-block-heading\"><strong>Comunica\u00e7\u00e3o n\u00e3o \u00e9 divulga\u00e7\u00e3o, \u00e9 posicionamento estrat\u00e9gico<\/strong><\/h2>\n\n\n\n<p>Existe uma diferen\u00e7a profunda entre divulgar e posicionar. Divulgar \u00e9 promover ofertas, campanhas e mensagens pontuais. Posicionar \u00e9 ocupar um espa\u00e7o espec\u00edfico na mente do mercado. Empresas que confundem essas duas dimens\u00f5es acabam investindo continuamente em marketing sem construir identidade s\u00f3lida.<\/p>\n\n\n\n<p>Posicionamento de marca nasce da clareza estrat\u00e9gica. Ele responde perguntas fundamentais: quem somos, qual problema resolvemos, para quem existimos e por que fazemos o que fazemos. Quando essa defini\u00e7\u00e3o \u00e9 consistente, todas as a\u00e7\u00f5es de comunica\u00e7\u00e3o tornam-se coerentes e refor\u00e7am uma mesma percep\u00e7\u00e3o.<\/p>\n\n\n\n<p>Empresas que crescem de forma estruturada utilizam a comunica\u00e7\u00e3o corporativa como ferramenta de direcionamento. A narrativa n\u00e3o \u00e9 improvisada, \u00e9 constru\u00edda. N\u00e3o muda conforme a tend\u00eancia do momento, mas evolui com base em vis\u00e3o de longo prazo.<\/p>\n\n\n\n<p>Sem posicionamento claro, o mercado compara pre\u00e7os. Com posicionamento claro, o mercado reconhece valor.<\/p>\n\n\n\n<h2 class=\"wp-block-heading\"><strong>Storytelling estrat\u00e9gico como constru\u00e7\u00e3o de autoridade e confian\u00e7a<\/strong><\/h2>\n\n\n\n<p>O storytelling estrat\u00e9gico n\u00e3o \u00e9 um recurso est\u00e9tico; \u00e9 uma ferramenta de constru\u00e7\u00e3o de confian\u00e7a. Pessoas n\u00e3o se conectam com listas de servi\u00e7os, mas com hist\u00f3rias que traduzem prop\u00f3sito, trajet\u00f3ria, desafios superados e impacto gerado.<\/p>\n\n\n\n<p>Empresas que estruturam sua narrativa empresarial conseguem transformar dados t\u00e9cnicos em significado. Elas explicam n\u00e3o apenas o que fazem, mas por que fazem e como fazem de maneira \u00fanica. Essa coer\u00eancia narrativa gera autoridade digital e diferencia\u00e7\u00e3o competitiva.<\/p>\n\n\n\n<p>Autoridade n\u00e3o nasce da autopromo\u00e7\u00e3o, mas da consist\u00eancia. Quando a comunica\u00e7\u00e3o \u00e9 alinhada, repetida com clareza e sustentada por a\u00e7\u00f5es concretas, o mercado passa a enxergar a empresa como refer\u00eancia.<\/p>\n\n\n\n<p>Storytelling estrat\u00e9gico organiza a identidade corporativa. Ele conecta passado, presente e futuro em uma linha l\u00f3gica que fortalece reputa\u00e7\u00e3o. E reputa\u00e7\u00e3o \u00e9 um dos ativos mais valiosos no ambiente empresarial contempor\u00e2neo.<\/p>\n\n\n\n<h2 class=\"wp-block-heading\"><strong>Comunica\u00e7\u00e3o interna como base da narrativa externa<\/strong><\/h2>\n\n\n\n<p>Nenhuma empresa sustenta uma narrativa forte externamente se internamente h\u00e1 desalinhamento. A comunica\u00e7\u00e3o corporativa come\u00e7a dentro da organiza\u00e7\u00e3o. Clareza de prop\u00f3sito, vis\u00e3o compartilhada e entendimento estrat\u00e9gico formam a base para qualquer discurso externo.<\/p>\n\n\n\n<p>Empresas que investem em comunica\u00e7\u00e3o interna fortalecem cultura organizacional, reduzem conflitos e aumentam engajamento. Quando colaboradores compreendem a estrat\u00e9gia, tornam-se multiplicadores naturais da marca.<\/p>\n\n\n\n<p>Narrativa empresarial n\u00e3o \u00e9 discurso para cliente, \u00e9 alinhamento para equipe. Se a organiza\u00e7\u00e3o n\u00e3o acredita na pr\u00f3pria hist\u00f3ria, o mercado percebe.<\/p>\n\n\n\n<p>Al\u00e9m disso, empresas com comunica\u00e7\u00e3o interna estruturada tomam decis\u00f5es mais r\u00e1pidas, pois h\u00e1 entendimento comum sobre dire\u00e7\u00e3o estrat\u00e9gica. Crescimento sustent\u00e1vel exige coes\u00e3o. E coes\u00e3o nasce da clareza comunicacional.<\/p>\n\n\n\n<h2 class=\"wp-block-heading\"><strong>Posicionamento claro atrai clientes certos e reduz desgaste comercial<\/strong><\/h2>\n\n\n\n<p>Empresas que comunicam mal tendem a atrair clientes desalinhados. Isso gera negocia\u00e7\u00f5es longas, conflitos de expectativa e desgaste operacional. J\u00e1 organiza\u00e7\u00f5es com narrativa estrat\u00e9gica bem definida atraem naturalmente o p\u00fablico ideal.<\/p>\n\n\n\n<p>O posicionamento de marca funciona como filtro. Ele deixa claro quem deve se aproximar e quem provavelmente n\u00e3o encontrar\u00e1 valor na proposta. Essa seletividade \u00e9 saud\u00e1vel para o crescimento empresarial.<\/p>\n\n\n\n<p>Quando a comunica\u00e7\u00e3o \u00e9 clara, o cliente entende rapidamente o diferencial competitivo. O ciclo de vendas encurta, a taxa de convers\u00e3o aumenta e o relacionamento come\u00e7a em n\u00edvel mais estrat\u00e9gico.<\/p>\n\n\n\n<p>Falar com todos \u00e9 falar com ningu\u00e9m. Crescer exige foco. E foco come\u00e7a na narrativa.<\/p>\n\n\n\n<h2 class=\"wp-block-heading\"><strong>Narrativa estrat\u00e9gica como diferencial em mercados competitivos e na internacionaliza\u00e7\u00e3o<\/strong><\/h2>\n\n\n\n<p>Em mercados maduros e altamente competitivos, diferencia\u00e7\u00e3o funcional \u00e9 cada vez mais dif\u00edcil. Produtos se assemelham, pre\u00e7os se equilibram e tecnologias se tornam acess\u00edveis. O que permanece como diferencial sustent\u00e1vel \u00e9 a narrativa.<\/p>\n\n\n\n<p>Empresas que dominam a comunica\u00e7\u00e3o estrat\u00e9gica conseguem ocupar territ\u00f3rios simb\u00f3licos \u00fanicos. Elas associam sua marca a valores, causas e prop\u00f3sitos que transcendem caracter\u00edsticas t\u00e9cnicas.<\/p>\n\n\n\n<p>No contexto de internacionaliza\u00e7\u00e3o, a narrativa torna-se ainda mais relevante. Expandir para novos mercados exige adapta\u00e7\u00e3o cultural, mas sem perder identidade. Empresas que crescem globalmente mant\u00eam coer\u00eancia estrat\u00e9gica enquanto ajustam linguagem e abordagem ao contexto local.<\/p>\n\n\n\n<p>Narrativa empresarial estruturada permite consist\u00eancia global e relev\u00e2ncia regional. Crescer al\u00e9m das fronteiras depende de clareza interna e sensibilidade externa.<\/p>\n\n\n\n<h2 class=\"wp-block-heading\"><strong>Autoridade digital exige consist\u00eancia e disciplina narrativa<\/strong><\/h2>\n\n\n\n<p>No ambiente digital, a aten\u00e7\u00e3o \u00e9 disputada a cada segundo. Empresas que comunicam de forma err\u00e1tica perdem relev\u00e2ncia rapidamente. J\u00e1 aquelas que mant\u00eam consist\u00eancia tem\u00e1tica constroem autoridade digital s\u00f3lida.<\/p>\n\n\n\n<p>Marketing estrat\u00e9gico n\u00e3o \u00e9 publicar por obriga\u00e7\u00e3o. \u00c9 produzir conte\u00fado alinhado ao posicionamento e aos objetivos de longo prazo. A repeti\u00e7\u00e3o coerente de uma mensagem relevante constr\u00f3i percep\u00e7\u00e3o de lideran\u00e7a.<\/p>\n\n\n\n<p>Autoridade digital \u00e9 resultado de disciplina. Empresas que sabem quem s\u00e3o conseguem sustentar discurso ao longo do tempo, mesmo diante de tend\u00eancias passageiras.<\/p>\n\n\n\n<p>Quando a comunica\u00e7\u00e3o muda a cada novidade, a marca se fragmenta. Quando a narrativa \u00e9 consistente, a marca se fortalece.<\/p>\n\n\n\n<h2 class=\"wp-block-heading\"><strong>Comunica\u00e7\u00e3o estrat\u00e9gica como acelerador estruturado de crescimento empresarial<\/strong><\/h2>\n\n\n\n<p>Empresas que comunicam bem crescem mais porque tornam vis\u00edvel seu valor. Elas n\u00e3o deixam o mercado interpretar aleatoriamente sua proposta. Elas conduzem a percep\u00e7\u00e3o.<\/p>\n\n\n\n<p>Comunica\u00e7\u00e3o estrat\u00e9gica impacta diretamente resultados financeiros. Reduz custo de aquisi\u00e7\u00e3o de clientes, aumenta reten\u00e7\u00e3o, fortalece reputa\u00e7\u00e3o e amplia oportunidades de parceria.<\/p>\n\n\n\n<p>Al\u00e9m disso, empresas com narrativa clara atraem talentos alinhados \u00e0 cultura organizacional. Profissionais desejam trabalhar em organiza\u00e7\u00f5es que sabem para onde est\u00e3o indo.<\/p>\n\n\n\n<p>Crescimento empresarial sustent\u00e1vel depende de clareza. Clareza gera confian\u00e7a. Confian\u00e7a gera decis\u00e3o. E decis\u00e3o gera resultado.<\/p>\n\n\n\n<p>No final, a quest\u00e3o n\u00e3o \u00e9 apenas comunicar melhor. \u00c9 comunicar com dire\u00e7\u00e3o estrat\u00e9gica.<\/p>\n\n\n\n<h2 class=\"wp-block-heading\"><strong>Quem domina a narrativa lidera o crescimento<\/strong><\/h2>\n\n\n\n<p>Empresas que comunicam bem crescem mais porque constroem percep\u00e7\u00e3o de valor antes mesmo da negocia\u00e7\u00e3o. Elas alinham discurso e pr\u00e1tica, estrat\u00e9gia e cultura, identidade e expans\u00e3o.<\/p>\n\n\n\n<p>Narrativa empresarial n\u00e3o \u00e9 luxo conceitual. \u00c9 instrumento de competitividade, diferencia\u00e7\u00e3o e lideran\u00e7a.<\/p>\n\n\n\n<p>A reflex\u00e3o final \u00e9 inevit\u00e1vel: se algu\u00e9m perguntasse hoje qual \u00e9 a ess\u00eancia da sua empresa, a resposta seria clara, coerente e repet\u00edvel por toda a equipe?<\/p>\n\n\n\n<p>Porque no mundo dos neg\u00f3cios, quem n\u00e3o constr\u00f3i sua pr\u00f3pria narrativa aceita ser definido pelos outros. E crescimento consistente come\u00e7a com clareza estrat\u00e9gica na comunica\u00e7\u00e3o.<\/p>\n\n\n\n<p>Marque um momento conosco e vamos falar mais sobre isso.<\/p>\n\n\n\n<p>At\u00e9 o pr\u00f3ximo artigo.&nbsp;<\/p>\n\n\n\n<figure class=\"wp-block-image size-large\"><a href=\"https:\/\/materiais.incandescente.com.br\/servicos-de-marketing-digital\" target=\"_blank\" rel=\" noreferrer noopener\"><img loading=\"lazy\" decoding=\"async\" width=\"1024\" height=\"213\" src=\"https:\/\/incandescente.com.br\/blog\/wp-content\/uploads\/2026\/03\/image-1-1024x213.png\" alt=\"\" class=\"wp-image-5556\" srcset=\"https:\/\/incandescente.com.br\/blog\/wp-content\/uploads\/2026\/03\/image-1-1024x213.png 1024w, https:\/\/incandescente.com.br\/blog\/wp-content\/uploads\/2026\/03\/image-1-300x62.png 300w, https:\/\/incandescente.com.br\/blog\/wp-content\/uploads\/2026\/03\/image-1-768x160.png 768w, https:\/\/incandescente.com.br\/blog\/wp-content\/uploads\/2026\/03\/image-1-1536x320.png 1536w, https:\/\/incandescente.com.br\/blog\/wp-content\/uploads\/2026\/03\/image-1.png 1600w\" sizes=\"auto, (max-width: 1024px) 100vw, 1024px\" \/><\/a><\/figure>\n\n\n\n<h2 class=\"wp-block-heading\"><strong>Sobre o autor,<\/strong><\/h2>\n\n\n\n<p>Ben\u00edcio Filho &#8211; Formado em eletr\u00f4nica, graduado em Teologia pela PUC SP, e Filosofia pela universidade Dom Bosco, Mestre pela Universidade Metodista de S\u00e3o Paulo na \u00e1rea de Educa\u00e7\u00e3o, MBA pela FGV em Gest\u00e3o Estrat\u00e9gica e Econ\u00f4mica de Neg\u00f3cios, p\u00f3s-graduado em Psican\u00e1lise pelo Instituto Kadmon de Psican\u00e1lise. Atua no mercado de tecnologia desde 1998. Fundador do Grupo Ravel de Tecnologia, S\u00f3cio da Core Angels Atlantic (Fundo de Investimento Internacional para Startups), s\u00f3cio fundador da Ag\u00eancia Incandescente, e s\u00f3cio fundador da Atlantic Hub e do Conex\u00e3o Europa Im\u00f3veis ambos em Portugal, atua como empres\u00e1rio, escritor e pesquisador das \u00e1reas de empreendedorismo, mentoring, lideran\u00e7a, inova\u00e7\u00e3o e internacionaliza\u00e7\u00e3o. Em dezembro de 2019, lan\u00e7ou o seu primeiro livro \u201cVidas Ressignificadas&#8221;, em dezembro de 2020 seu segundo \u201cDo Caos ao Recome\u00e7o\u201d, e em janeiro de 2022 o \u00faltimo publicado \u201c Metamorfose Empreendedora\u201d.<\/p>\n","protected":false},"excerpt":{"rendered":"<p>Existe uma rela\u00e7\u00e3o direta, ainda subestimada, entre crescimento empresarial e clareza narrativa. Em um mercado cada vez mais competitivo, digital e saturado de informa\u00e7\u00f5es, n\u00e3o vence necessariamente quem tem o melhor produto, mas quem consegue explicar melhor o valor que entrega. Empresas que comunicam bem crescem mais porque reduzem ru\u00eddos, criam conex\u00e3o emocional, constroem autoridade [&hellip;]<\/p>\n","protected":false},"author":6,"featured_media":5575,"comment_status":"closed","ping_status":"closed","sticky":false,"template":"","format":"standard","meta":{"_uf_show_specific_survey":0,"_uf_disable_surveys":false,"footnotes":""},"categories":[561],"tags":[1244],"class_list":["post-5574","post","type-post","status-publish","format-standard","has-post-thumbnail","hentry","category-reflexoes","tag-narrativa-estrategica"],"yoast_head":"<!-- This site is optimized with the Yoast SEO plugin v27.4 - https:\/\/yoast.com\/product\/yoast-seo-wordpress\/ -->\n<title>Empresas que comunicam bem crescem mais: o poder da narrativa estrat\u00e9gica<\/title>\n<meta name=\"description\" content=\"Narrativa consistente gera confian\u00e7a, diferencia\u00e7\u00e3o competitiva e crescimento sustent\u00e1vel no mercado. Confira!\" \/>\n<meta name=\"robots\" content=\"index, follow, max-snippet:-1, max-image-preview:large, max-video-preview:-1\" \/>\n<link rel=\"canonical\" href=\"https:\/\/incandescente.com.br\/blog\/o-poder-da-narrativa-estrategica\/\" \/>\n<meta property=\"og:locale\" content=\"pt_BR\" \/>\n<meta property=\"og:type\" content=\"article\" \/>\n<meta property=\"og:title\" content=\"Empresas que comunicam bem crescem mais: o poder da narrativa estrat\u00e9gica\" \/>\n<meta property=\"og:description\" content=\"Narrativa consistente gera confian\u00e7a, diferencia\u00e7\u00e3o competitiva e crescimento sustent\u00e1vel no mercado. Confira!\" \/>\n<meta property=\"og:url\" content=\"https:\/\/incandescente.com.br\/blog\/o-poder-da-narrativa-estrategica\/\" \/>\n<meta property=\"og:site_name\" content=\"Blog Ag\u00eancia Incandescente\" \/>\n<meta property=\"article:published_time\" content=\"2026-03-11T11:15:00+00:00\" \/>\n<meta property=\"article:modified_time\" content=\"2026-04-09T18:26:19+00:00\" \/>\n<meta property=\"og:image\" content=\"https:\/\/incandescente.com.br\/blog\/wp-content\/uploads\/2026\/03\/O-poder-da-narrativa-estrategica.jpg\" \/>\n\t<meta property=\"og:image:width\" content=\"1000\" \/>\n\t<meta property=\"og:image:height\" content=\"667\" \/>\n\t<meta property=\"og:image:type\" content=\"image\/jpeg\" \/>\n<meta name=\"author\" content=\"Incandescente\" \/>\n<meta name=\"twitter:card\" content=\"summary_large_image\" \/>\n<meta name=\"twitter:label1\" content=\"Escrito por\" \/>\n\t<meta name=\"twitter:data1\" content=\"Incandescente\" \/>\n\t<meta name=\"twitter:label2\" content=\"Est. tempo de leitura\" \/>\n\t<meta name=\"twitter:data2\" content=\"8 minutos\" \/>\n<script type=\"application\/ld+json\" class=\"yoast-schema-graph\">{\"@context\":\"https:\\\/\\\/schema.org\",\"@graph\":[{\"@type\":\"Article\",\"@id\":\"https:\\\/\\\/incandescente.com.br\\\/blog\\\/o-poder-da-narrativa-estrategica\\\/#article\",\"isPartOf\":{\"@id\":\"https:\\\/\\\/incandescente.com.br\\\/blog\\\/o-poder-da-narrativa-estrategica\\\/\"},\"author\":{\"name\":\"Incandescente\",\"@id\":\"https:\\\/\\\/incandescente.com.br\\\/blog\\\/#\\\/schema\\\/person\\\/6bdd0f05a9aee8f6184ffaed5aa9d022\"},\"headline\":\"Empresas que comunicam bem crescem mais: o poder da narrativa estrat\u00e9gica\",\"datePublished\":\"2026-03-11T11:15:00+00:00\",\"dateModified\":\"2026-04-09T18:26:19+00:00\",\"mainEntityOfPage\":{\"@id\":\"https:\\\/\\\/incandescente.com.br\\\/blog\\\/o-poder-da-narrativa-estrategica\\\/\"},\"wordCount\":1416,\"publisher\":{\"@id\":\"https:\\\/\\\/incandescente.com.br\\\/blog\\\/#organization\"},\"image\":{\"@id\":\"https:\\\/\\\/incandescente.com.br\\\/blog\\\/o-poder-da-narrativa-estrategica\\\/#primaryimage\"},\"thumbnailUrl\":\"https:\\\/\\\/incandescente.com.br\\\/blog\\\/wp-content\\\/uploads\\\/2026\\\/03\\\/O-poder-da-narrativa-estrategica.jpg\",\"keywords\":[\"Narrativa estrat\u00e9gica\"],\"articleSection\":[\"Reflex\u00f5es\"],\"inLanguage\":\"pt-BR\"},{\"@type\":\"WebPage\",\"@id\":\"https:\\\/\\\/incandescente.com.br\\\/blog\\\/o-poder-da-narrativa-estrategica\\\/\",\"url\":\"https:\\\/\\\/incandescente.com.br\\\/blog\\\/o-poder-da-narrativa-estrategica\\\/\",\"name\":\"Empresas que comunicam bem crescem mais: o poder da narrativa estrat\u00e9gica\",\"isPartOf\":{\"@id\":\"https:\\\/\\\/incandescente.com.br\\\/blog\\\/#website\"},\"primaryImageOfPage\":{\"@id\":\"https:\\\/\\\/incandescente.com.br\\\/blog\\\/o-poder-da-narrativa-estrategica\\\/#primaryimage\"},\"image\":{\"@id\":\"https:\\\/\\\/incandescente.com.br\\\/blog\\\/o-poder-da-narrativa-estrategica\\\/#primaryimage\"},\"thumbnailUrl\":\"https:\\\/\\\/incandescente.com.br\\\/blog\\\/wp-content\\\/uploads\\\/2026\\\/03\\\/O-poder-da-narrativa-estrategica.jpg\",\"datePublished\":\"2026-03-11T11:15:00+00:00\",\"dateModified\":\"2026-04-09T18:26:19+00:00\",\"description\":\"Narrativa consistente gera confian\u00e7a, diferencia\u00e7\u00e3o competitiva e crescimento sustent\u00e1vel no mercado. Confira!\",\"breadcrumb\":{\"@id\":\"https:\\\/\\\/incandescente.com.br\\\/blog\\\/o-poder-da-narrativa-estrategica\\\/#breadcrumb\"},\"inLanguage\":\"pt-BR\",\"potentialAction\":[{\"@type\":\"ReadAction\",\"target\":[\"https:\\\/\\\/incandescente.com.br\\\/blog\\\/o-poder-da-narrativa-estrategica\\\/\"]}]},{\"@type\":\"ImageObject\",\"inLanguage\":\"pt-BR\",\"@id\":\"https:\\\/\\\/incandescente.com.br\\\/blog\\\/o-poder-da-narrativa-estrategica\\\/#primaryimage\",\"url\":\"https:\\\/\\\/incandescente.com.br\\\/blog\\\/wp-content\\\/uploads\\\/2026\\\/03\\\/O-poder-da-narrativa-estrategica.jpg\",\"contentUrl\":\"https:\\\/\\\/incandescente.com.br\\\/blog\\\/wp-content\\\/uploads\\\/2026\\\/03\\\/O-poder-da-narrativa-estrategica.jpg\",\"width\":1000,\"height\":667},{\"@type\":\"BreadcrumbList\",\"@id\":\"https:\\\/\\\/incandescente.com.br\\\/blog\\\/o-poder-da-narrativa-estrategica\\\/#breadcrumb\",\"itemListElement\":[{\"@type\":\"ListItem\",\"position\":1,\"name\":\"In\u00edcio\",\"item\":\"https:\\\/\\\/incandescente.com.br\\\/blog\\\/\"},{\"@type\":\"ListItem\",\"position\":2,\"name\":\"Empresas que comunicam bem crescem mais: o poder da narrativa estrat\u00e9gica\"}]},{\"@type\":\"WebSite\",\"@id\":\"https:\\\/\\\/incandescente.com.br\\\/blog\\\/#website\",\"url\":\"https:\\\/\\\/incandescente.com.br\\\/blog\\\/\",\"name\":\"Blog Ag\u00eancia Incandescente\",\"description\":\"Conte\u00fados de Marketing Digital e Inbound Marketing.\",\"publisher\":{\"@id\":\"https:\\\/\\\/incandescente.com.br\\\/blog\\\/#organization\"},\"potentialAction\":[{\"@type\":\"SearchAction\",\"target\":{\"@type\":\"EntryPoint\",\"urlTemplate\":\"https:\\\/\\\/incandescente.com.br\\\/blog\\\/?s={search_term_string}\"},\"query-input\":{\"@type\":\"PropertyValueSpecification\",\"valueRequired\":true,\"valueName\":\"search_term_string\"}}],\"inLanguage\":\"pt-BR\"},{\"@type\":\"Organization\",\"@id\":\"https:\\\/\\\/incandescente.com.br\\\/blog\\\/#organization\",\"name\":\"Blog Ag\u00eancia Incandescente\",\"alternateName\":\"Ag\u00eancia Incandescente\",\"url\":\"https:\\\/\\\/incandescente.com.br\\\/blog\\\/\",\"logo\":{\"@type\":\"ImageObject\",\"inLanguage\":\"pt-BR\",\"@id\":\"https:\\\/\\\/incandescente.com.br\\\/blog\\\/#\\\/schema\\\/logo\\\/image\\\/\",\"url\":\"https:\\\/\\\/incandescente.com.br\\\/blog\\\/wp-content\\\/uploads\\\/2023\\\/10\\\/logo-incand.png\",\"contentUrl\":\"https:\\\/\\\/incandescente.com.br\\\/blog\\\/wp-content\\\/uploads\\\/2023\\\/10\\\/logo-incand.png\",\"width\":1501,\"height\":294,\"caption\":\"Blog Ag\u00eancia Incandescente\"},\"image\":{\"@id\":\"https:\\\/\\\/incandescente.com.br\\\/blog\\\/#\\\/schema\\\/logo\\\/image\\\/\"}},{\"@type\":\"Person\",\"@id\":\"https:\\\/\\\/incandescente.com.br\\\/blog\\\/#\\\/schema\\\/person\\\/6bdd0f05a9aee8f6184ffaed5aa9d022\",\"name\":\"Incandescente\",\"image\":{\"@type\":\"ImageObject\",\"inLanguage\":\"pt-BR\",\"@id\":\"https:\\\/\\\/secure.gravatar.com\\\/avatar\\\/3179fc7aa459891e2a558e0c8f2f669ce8fc8934f8a272a1f12af8899df33113?s=96&d=wp_user_avatar&r=g\",\"url\":\"https:\\\/\\\/secure.gravatar.com\\\/avatar\\\/3179fc7aa459891e2a558e0c8f2f669ce8fc8934f8a272a1f12af8899df33113?s=96&d=wp_user_avatar&r=g\",\"contentUrl\":\"https:\\\/\\\/secure.gravatar.com\\\/avatar\\\/3179fc7aa459891e2a558e0c8f2f669ce8fc8934f8a272a1f12af8899df33113?s=96&d=wp_user_avatar&r=g\",\"caption\":\"Incandescente\"},\"description\":\"A Incandescente \u00e9 uma ag\u00eancia de marketing digital no ABC, que desenvolve estrat\u00e9gias consistentes para que sua empresa se comunique e proporcione experi\u00eancias para o seu potencial cliente, com a participa\u00e7\u00e3o efetiva do seu time de vendas.\",\"sameAs\":[\"https:\\\/\\\/www.incandescente.com.br\\\/\"],\"url\":\"https:\\\/\\\/incandescente.com.br\\\/blog\\\/autor\\\/incandescente\\\/\"}]}<\/script>\n<!-- \/ Yoast SEO plugin. -->","yoast_head_json":{"title":"Empresas que comunicam bem crescem mais: o poder da narrativa estrat\u00e9gica","description":"Narrativa consistente gera confian\u00e7a, diferencia\u00e7\u00e3o competitiva e crescimento sustent\u00e1vel no mercado. Confira!","robots":{"index":"index","follow":"follow","max-snippet":"max-snippet:-1","max-image-preview":"max-image-preview:large","max-video-preview":"max-video-preview:-1"},"canonical":"https:\/\/incandescente.com.br\/blog\/o-poder-da-narrativa-estrategica\/","og_locale":"pt_BR","og_type":"article","og_title":"Empresas que comunicam bem crescem mais: o poder da narrativa estrat\u00e9gica","og_description":"Narrativa consistente gera confian\u00e7a, diferencia\u00e7\u00e3o competitiva e crescimento sustent\u00e1vel no mercado. Confira!","og_url":"https:\/\/incandescente.com.br\/blog\/o-poder-da-narrativa-estrategica\/","og_site_name":"Blog Ag\u00eancia Incandescente","article_published_time":"2026-03-11T11:15:00+00:00","article_modified_time":"2026-04-09T18:26:19+00:00","og_image":[{"width":1000,"height":667,"url":"https:\/\/incandescente.com.br\/blog\/wp-content\/uploads\/2026\/03\/O-poder-da-narrativa-estrategica.jpg","type":"image\/jpeg"}],"author":"Incandescente","twitter_card":"summary_large_image","twitter_misc":{"Escrito por":"Incandescente","Est. tempo de leitura":"8 minutos"},"schema":{"@context":"https:\/\/schema.org","@graph":[{"@type":"Article","@id":"https:\/\/incandescente.com.br\/blog\/o-poder-da-narrativa-estrategica\/#article","isPartOf":{"@id":"https:\/\/incandescente.com.br\/blog\/o-poder-da-narrativa-estrategica\/"},"author":{"name":"Incandescente","@id":"https:\/\/incandescente.com.br\/blog\/#\/schema\/person\/6bdd0f05a9aee8f6184ffaed5aa9d022"},"headline":"Empresas que comunicam bem crescem mais: o poder da narrativa estrat\u00e9gica","datePublished":"2026-03-11T11:15:00+00:00","dateModified":"2026-04-09T18:26:19+00:00","mainEntityOfPage":{"@id":"https:\/\/incandescente.com.br\/blog\/o-poder-da-narrativa-estrategica\/"},"wordCount":1416,"publisher":{"@id":"https:\/\/incandescente.com.br\/blog\/#organization"},"image":{"@id":"https:\/\/incandescente.com.br\/blog\/o-poder-da-narrativa-estrategica\/#primaryimage"},"thumbnailUrl":"https:\/\/incandescente.com.br\/blog\/wp-content\/uploads\/2026\/03\/O-poder-da-narrativa-estrategica.jpg","keywords":["Narrativa estrat\u00e9gica"],"articleSection":["Reflex\u00f5es"],"inLanguage":"pt-BR"},{"@type":"WebPage","@id":"https:\/\/incandescente.com.br\/blog\/o-poder-da-narrativa-estrategica\/","url":"https:\/\/incandescente.com.br\/blog\/o-poder-da-narrativa-estrategica\/","name":"Empresas que comunicam bem crescem mais: o poder da narrativa estrat\u00e9gica","isPartOf":{"@id":"https:\/\/incandescente.com.br\/blog\/#website"},"primaryImageOfPage":{"@id":"https:\/\/incandescente.com.br\/blog\/o-poder-da-narrativa-estrategica\/#primaryimage"},"image":{"@id":"https:\/\/incandescente.com.br\/blog\/o-poder-da-narrativa-estrategica\/#primaryimage"},"thumbnailUrl":"https:\/\/incandescente.com.br\/blog\/wp-content\/uploads\/2026\/03\/O-poder-da-narrativa-estrategica.jpg","datePublished":"2026-03-11T11:15:00+00:00","dateModified":"2026-04-09T18:26:19+00:00","description":"Narrativa consistente gera confian\u00e7a, diferencia\u00e7\u00e3o competitiva e crescimento sustent\u00e1vel no mercado. Confira!","breadcrumb":{"@id":"https:\/\/incandescente.com.br\/blog\/o-poder-da-narrativa-estrategica\/#breadcrumb"},"inLanguage":"pt-BR","potentialAction":[{"@type":"ReadAction","target":["https:\/\/incandescente.com.br\/blog\/o-poder-da-narrativa-estrategica\/"]}]},{"@type":"ImageObject","inLanguage":"pt-BR","@id":"https:\/\/incandescente.com.br\/blog\/o-poder-da-narrativa-estrategica\/#primaryimage","url":"https:\/\/incandescente.com.br\/blog\/wp-content\/uploads\/2026\/03\/O-poder-da-narrativa-estrategica.jpg","contentUrl":"https:\/\/incandescente.com.br\/blog\/wp-content\/uploads\/2026\/03\/O-poder-da-narrativa-estrategica.jpg","width":1000,"height":667},{"@type":"BreadcrumbList","@id":"https:\/\/incandescente.com.br\/blog\/o-poder-da-narrativa-estrategica\/#breadcrumb","itemListElement":[{"@type":"ListItem","position":1,"name":"In\u00edcio","item":"https:\/\/incandescente.com.br\/blog\/"},{"@type":"ListItem","position":2,"name":"Empresas que comunicam bem crescem mais: o poder da narrativa estrat\u00e9gica"}]},{"@type":"WebSite","@id":"https:\/\/incandescente.com.br\/blog\/#website","url":"https:\/\/incandescente.com.br\/blog\/","name":"Blog Ag\u00eancia Incandescente","description":"Conte\u00fados de Marketing Digital e Inbound Marketing.","publisher":{"@id":"https:\/\/incandescente.com.br\/blog\/#organization"},"potentialAction":[{"@type":"SearchAction","target":{"@type":"EntryPoint","urlTemplate":"https:\/\/incandescente.com.br\/blog\/?s={search_term_string}"},"query-input":{"@type":"PropertyValueSpecification","valueRequired":true,"valueName":"search_term_string"}}],"inLanguage":"pt-BR"},{"@type":"Organization","@id":"https:\/\/incandescente.com.br\/blog\/#organization","name":"Blog Ag\u00eancia Incandescente","alternateName":"Ag\u00eancia Incandescente","url":"https:\/\/incandescente.com.br\/blog\/","logo":{"@type":"ImageObject","inLanguage":"pt-BR","@id":"https:\/\/incandescente.com.br\/blog\/#\/schema\/logo\/image\/","url":"https:\/\/incandescente.com.br\/blog\/wp-content\/uploads\/2023\/10\/logo-incand.png","contentUrl":"https:\/\/incandescente.com.br\/blog\/wp-content\/uploads\/2023\/10\/logo-incand.png","width":1501,"height":294,"caption":"Blog Ag\u00eancia Incandescente"},"image":{"@id":"https:\/\/incandescente.com.br\/blog\/#\/schema\/logo\/image\/"}},{"@type":"Person","@id":"https:\/\/incandescente.com.br\/blog\/#\/schema\/person\/6bdd0f05a9aee8f6184ffaed5aa9d022","name":"Incandescente","image":{"@type":"ImageObject","inLanguage":"pt-BR","@id":"https:\/\/secure.gravatar.com\/avatar\/3179fc7aa459891e2a558e0c8f2f669ce8fc8934f8a272a1f12af8899df33113?s=96&d=wp_user_avatar&r=g","url":"https:\/\/secure.gravatar.com\/avatar\/3179fc7aa459891e2a558e0c8f2f669ce8fc8934f8a272a1f12af8899df33113?s=96&d=wp_user_avatar&r=g","contentUrl":"https:\/\/secure.gravatar.com\/avatar\/3179fc7aa459891e2a558e0c8f2f669ce8fc8934f8a272a1f12af8899df33113?s=96&d=wp_user_avatar&r=g","caption":"Incandescente"},"description":"A Incandescente \u00e9 uma ag\u00eancia de marketing digital no ABC, que desenvolve estrat\u00e9gias consistentes para que sua empresa se comunique e proporcione experi\u00eancias para o seu potencial cliente, com a participa\u00e7\u00e3o efetiva do seu time de vendas.","sameAs":["https:\/\/www.incandescente.com.br\/"],"url":"https:\/\/incandescente.com.br\/blog\/autor\/incandescente\/"}]}},"_links":{"self":[{"href":"https:\/\/incandescente.com.br\/blog\/wp-json\/wp\/v2\/posts\/5574","targetHints":{"allow":["GET"]}}],"collection":[{"href":"https:\/\/incandescente.com.br\/blog\/wp-json\/wp\/v2\/posts"}],"about":[{"href":"https:\/\/incandescente.com.br\/blog\/wp-json\/wp\/v2\/types\/post"}],"author":[{"embeddable":true,"href":"https:\/\/incandescente.com.br\/blog\/wp-json\/wp\/v2\/users\/6"}],"replies":[{"embeddable":true,"href":"https:\/\/incandescente.com.br\/blog\/wp-json\/wp\/v2\/comments?post=5574"}],"version-history":[{"count":1,"href":"https:\/\/incandescente.com.br\/blog\/wp-json\/wp\/v2\/posts\/5574\/revisions"}],"predecessor-version":[{"id":5577,"href":"https:\/\/incandescente.com.br\/blog\/wp-json\/wp\/v2\/posts\/5574\/revisions\/5577"}],"wp:featuredmedia":[{"embeddable":true,"href":"https:\/\/incandescente.com.br\/blog\/wp-json\/wp\/v2\/media\/5575"}],"wp:attachment":[{"href":"https:\/\/incandescente.com.br\/blog\/wp-json\/wp\/v2\/media?parent=5574"}],"wp:term":[{"taxonomy":"category","embeddable":true,"href":"https:\/\/incandescente.com.br\/blog\/wp-json\/wp\/v2\/categories?post=5574"},{"taxonomy":"post_tag","embeddable":true,"href":"https:\/\/incandescente.com.br\/blog\/wp-json\/wp\/v2\/tags?post=5574"}],"curies":[{"name":"wp","href":"https:\/\/api.w.org\/{rel}","templated":true}]}}