{"id":752,"date":"2019-07-04T08:43:49","date_gmt":"2019-07-04T11:43:49","guid":{"rendered":"http:\/\/incandescente.com.br\/blog\/?p=752"},"modified":"2023-09-13T19:17:57","modified_gmt":"2023-09-13T22:17:57","slug":"redes-sociais-mais-usadas","status":"publish","type":"post","link":"https:\/\/incandescente.com.br\/blog\/redes-sociais-mais-usadas\/","title":{"rendered":"Redes sociais mais usadas: Como elas podem levar a reviver o mito da caverna de Plat\u00e3o?"},"content":{"rendered":"\n<figure class=\"wp-block-audio aligncenter\"><audio controls src=\"https:\/\/webapp319107.ip-192-155-89-190.cloudezapp.io\/wp-content\/uploads\/2019\/07\/Editado_Redes-sociais-mais-usadas-Como-elas-podem-levar-a-reviver-o-mito-da-caverna-de-Platao.mp3\"><\/audio><\/figure>\n\n\n\n<div class=\"wp-block-spacer\" style=\"height: 30px;\" aria-hidden=\"true\">\u00a0<\/div>\n\n\n\n<p>Dias desses, estava um amigo navegando na internet e por um instante passou na mente dele: o que ser\u00e1 que eu veria na timeline da minha esposa ou mesmo na de outros amigos nas <strong>redes sociais mais usadas<\/strong> atualmente?<\/p>\n\n\n\n<p>Pouco depois, ele teve a oportunidade de ver a timeline da esposa. Enorme foi sua surpresa ao perceber que em suas <strong>redes sociais mais usadas<\/strong>, ela tinha v\u00ednculos completamente diferentes dos dele.<\/p>\n\n\n\n<p>Descobriu, por exemplo, que ela navegava em assuntos ligados \u00e0 m\u00fasica sertaneja, country ou, ainda, viagens.<\/p>\n\n\n\n<p>No entanto, ele tinha nas m\u00eddias sociais temas ligados ao empreendedorismo e cultura de startup. A quest\u00e3o que levantei para ele causou uma grande reflex\u00e3o. Imagina o que aconteceria se os assuntos que mais d\u00e9ssemos aten\u00e7\u00e3o com os nossos likes e coment\u00e1rios fossem radicais?<\/p>\n\n\n\n<p>Bem, caro leitor, \u00e9 aqui que se inicia nossa jornada para dentro da Caverna de Plat\u00e3o, a partir das <strong>redes sociais mais usadas. <\/strong><\/p>\n\n\n\n<p>O pensamento desenvolvido por Plat\u00e3o, que bebeu diretamente da fonte de S\u00f3crates. E usava o m\u00e9todo da dial\u00e9tica (relacionado \u00e0 argumenta\u00e7\u00e3o, ao questionamento e \u00e0 busca pela verdade), abordava dois tipos de \u201cmundos\u201d.<\/p>\n\n\n\n<p>O primeiro deles, o sens\u00edvel, estava ligado aos sentidos, ao que tocamos. J\u00e1 o mundo das ideias, ou intelig\u00edvel, dizia respeito ao abstrato, ao que pensamos, imaginamos.<\/p>\n\n\n\n<div class=\"wp-block-spacer\" style=\"height: 30px;\" aria-hidden=\"true\">\u00a0<\/div>\n\n\n\n<h2 class=\"wp-block-heading\">O mito da caverna<\/h2>\n\n\n\n\n\n<p>Essa hist\u00f3ria, escrita por Plat\u00e3o, tamb\u00e9m \u00e9 conhecida como Alegoria da Caverna. Ela discute temas como a ignor\u00e2ncia e o conhecimento, por meio de uma esp\u00e9cie de par\u00e1bola:<\/p>\n\n\n\n<p>Em um determinado lugar, existia um grupo de pessoas que viviam em uma caverna, acorrentadas h\u00e1 muitos anos. Elas n\u00e3o podiam se mover, viradas de costas para a sa\u00edda da caverna e s\u00f3 conseguiam olhar o fundo. Al\u00e9m disso, atr\u00e1s deles havia uma parede, com uma fogueira acesa.<\/p>\n\n\n\n<p>Diversos transeuntes passavam pelo local, carregando objetos. Mas, os prisioneiros s\u00f3 conseguiam ver as sombras, que n\u00e3o passavam de proje\u00e7\u00f5es, e acreditavam ser aquela a realidade. Aqui podemos constatar que eles apenas tinham contato com o mundo sens\u00edvel, com o palp\u00e1vel.<\/p>\n\n\n\n<p>Em um belo dia, uma das pessoas que estavam acorrentadas conseguiu se soltar e escapou para fora da caverna. A consequ\u00eancia foi levar um grande choque: a luz da fogueira e a claridade do exterior assustaram aquele homem, que nunca tinha entrado em contato com a luminosidade.<\/p>\n\n\n\n<p>Nesse momento, ele quis voltar \u00e0 caverna, ao que estava acostumado \u00e0 sua vida toda. Mas, com o passar do tempo, se encantou com as novidades e quis voltar para contar aos outros prisioneiros tudo o que estava vendo.<\/p>\n\n\n\n<p>Aqui, ele chega ao mundo das ideias, v\u00ea a ess\u00eancia das coisas. Chegando ao local, teve a triste surpresa: ningu\u00e9m acreditou no que ele dizia e o chamaram de louco!<\/p>\n\n\n\n<p>Sabe como acabou essa hist\u00f3ria? Da forma mais tr\u00e1gica poss\u00edvel. Acostumados com aquela realidade, eles n\u00e3o cogitaram que o mundo pudesse ser diferente daquele que conheciam.<\/p>\n\n\n\n<p>Para que o fugitivo n\u00e3o disseminasse essa \u201cinsanidade\u201d, o mataram. Ser\u00e1 que podemos fazer um paralelo com nossa realidade?<\/p>\n\n\n\n<p><strong><em>Leia tamb\u00e9m:<\/em> <em><a href=\"https:\/\/incandescente.com.br\/blog\/marketing-nas-redes-sociais\/\" target=\"_blank\" rel=\"noreferrer noopener\" aria-label=\"Marketing nas redes sociais: Como o seu cliente pode se tornar um aliado? (abre numa nova aba)\">Marketing nas redes sociais: Como o seu cliente pode se tornar um aliado?<\/a><\/em><\/strong><\/p>\n\n\n\n\n\n<h2 class=\"wp-block-heading\">Como essa hist\u00f3ria se relaciona com as redes sociais mais usadas?<\/h2>\n\n\n\n<div class=\"wp-block-spacer\" style=\"height: 30px;\" aria-hidden=\"true\">\u00a0<\/div>\n\n\n\n<p>Lembram-se da timeline das redes sociais? Pois bem, elas s\u00e3o hoje nossa caverna. Os algoritmos destas plataformas nos acorrentam com suas l\u00f3gicas de predile\u00e7\u00e3o baseada no comportamento online que temos.<\/p>\n\n\n\n<p>Escolhem o que n\u00f3s veremos, ofuscando nossa vis\u00e3o real do mundo. De certa forma, \u00e9 como se aquilo fosse imposto e s\u00f3 absorv\u00eassemos esse conte\u00fado sem muitos questionamentos.<\/p>\n\n\n\n<p>Come\u00e7amos a ter uma gera\u00e7\u00e3o que, a partir das <strong>redes sociais mais usadas<\/strong>, tem sobre si mesmo e sobre o outro apenas uma sombra, uma vaga imagem do que s\u00e3o.<\/p>\n\n\n\n<p>Literalmente, se formos concluir o que estamos nos tornando hoje com as redes sociais, provavelmente constatar\u00edamos que estamos nos tornando mais ignorantes no sentido relacionado ao conhecimento.<\/p>\n\n\n\n<p>Um medo: assim como na caverna de Plat\u00e3o, ao tentar mostrar que havia vida fora da caverna, penso que, em muitos movimentos radicais nascidos nas <strong>redes sociais mais usadas <\/strong>hoje em dia, temos o mesmo comportamento.<\/p>\n\n\n\n<p>Queremos \u201cmatar\u201d quem n\u00e3o \u00e9 do nosso \u201ctime escolhido\u201d. Minha esperan\u00e7a no ser humano \u00e9 que ele possa sair de mais uma caverna que ele mesmo criou&#8230; Gratid\u00e3o por compartilhar com voc\u00eas esta reflex\u00e3o.<\/p>\n\n\n\n<p>Ben\u00edcio Filho.<\/p>\n\n\n\n<p><\/p>\n\n\n\n<figure class=\"wp-block-image size-large\"><a href=\"https:\/\/www.incandescente.com.br\/cases\" target=\"_blank\" rel=\"noreferrer noopener\"><img loading=\"lazy\" decoding=\"async\" width=\"1024\" height=\"141\" src=\"https:\/\/incandescente.com.br\/blog\/wp-content\/uploads\/2019\/10\/05_CTA-1024x141.png\" alt=\"\" class=\"wp-image-4370\" srcset=\"https:\/\/incandescente.com.br\/blog\/wp-content\/uploads\/2019\/10\/05_CTA-1024x141.png 1024w, https:\/\/incandescente.com.br\/blog\/wp-content\/uploads\/2019\/10\/05_CTA-300x41.png 300w, https:\/\/incandescente.com.br\/blog\/wp-content\/uploads\/2019\/10\/05_CTA-768x106.png 768w, https:\/\/incandescente.com.br\/blog\/wp-content\/uploads\/2019\/10\/05_CTA-1536x211.png 1536w, https:\/\/incandescente.com.br\/blog\/wp-content\/uploads\/2019\/10\/05_CTA-2048x282.png 2048w\" sizes=\"auto, (max-width: 1024px) 100vw, 1024px\" \/><\/a><\/figure>\n","protected":false},"excerpt":{"rendered":"<p>Dias desses, estava um amigo navegando na internet e por um instante passou na mente dele: o que ser\u00e1 que eu veria na timeline da minha esposa ou mesmo na de outros amigos nas redes sociais mais usadas atualmente? <\/p>\n","protected":false},"author":1,"featured_media":1133,"comment_status":"open","ping_status":"open","sticky":false,"template":"","format":"standard","meta":{"_uf_show_specific_survey":0,"_uf_disable_surveys":false,"footnotes":""},"categories":[3],"tags":[6],"class_list":["post-752","post","type-post","status-publish","format-standard","has-post-thumbnail","hentry","category-marketing-digital","tag-redes-sociais-mais-usadas"],"yoast_head":"<!-- This site is optimized with the Yoast SEO plugin v27.4 - https:\/\/yoast.com\/product\/yoast-seo-wordpress\/ -->\n<title>Redes sociais mais usadas: Como levam a reviver o mito da caverna?<\/title>\n<meta name=\"description\" content=\"Dias desses, estava um amigo navegando em uma das redes sociais mais usadas e passou na mente dele: o que ser\u00e1 que eu veria na timeline da minha esposa?\" \/>\n<meta name=\"robots\" content=\"index, follow, max-snippet:-1, max-image-preview:large, max-video-preview:-1\" \/>\n<link rel=\"canonical\" href=\"https:\/\/incandescente.com.br\/blog\/redes-sociais-mais-usadas\/\" \/>\n<meta property=\"og:locale\" content=\"pt_BR\" \/>\n<meta property=\"og:type\" content=\"article\" \/>\n<meta property=\"og:title\" content=\"Redes sociais mais usadas: Como levam a reviver o mito da caverna?\" \/>\n<meta property=\"og:description\" content=\"Dias desses, estava um amigo navegando em uma das redes sociais mais usadas e passou na mente dele: o que ser\u00e1 que eu veria na timeline da minha esposa?\" \/>\n<meta property=\"og:url\" content=\"https:\/\/incandescente.com.br\/blog\/redes-sociais-mais-usadas\/\" \/>\n<meta property=\"og:site_name\" content=\"Blog Ag\u00eancia Incandescente\" \/>\n<meta property=\"article:published_time\" content=\"2019-07-04T11:43:49+00:00\" \/>\n<meta property=\"article:modified_time\" content=\"2023-09-13T22:17:57+00:00\" \/>\n<meta property=\"og:image\" content=\"https:\/\/incandescente.com.br\/blog\/wp-content\/uploads\/2019\/10\/mito-da-caverna-de-paltao.jpg\" \/>\n\t<meta property=\"og:image:width\" content=\"1170\" \/>\n\t<meta property=\"og:image:height\" content=\"570\" \/>\n\t<meta property=\"og:image:type\" content=\"image\/jpeg\" \/>\n<meta name=\"author\" content=\"Ag\u00eancia Incandescente\" \/>\n<meta name=\"twitter:card\" content=\"summary_large_image\" \/>\n<meta name=\"twitter:label1\" content=\"Escrito por\" \/>\n\t<meta name=\"twitter:data1\" content=\"Ag\u00eancia Incandescente\" \/>\n\t<meta name=\"twitter:label2\" content=\"Est. tempo de leitura\" \/>\n\t<meta name=\"twitter:data2\" content=\"5 minutos\" \/>\n<script type=\"application\/ld+json\" class=\"yoast-schema-graph\">{\"@context\":\"https:\\\/\\\/schema.org\",\"@graph\":[{\"@type\":\"Article\",\"@id\":\"https:\\\/\\\/incandescente.com.br\\\/blog\\\/redes-sociais-mais-usadas\\\/#article\",\"isPartOf\":{\"@id\":\"https:\\\/\\\/incandescente.com.br\\\/blog\\\/redes-sociais-mais-usadas\\\/\"},\"author\":{\"name\":\"Ag\u00eancia Incandescente\",\"@id\":\"https:\\\/\\\/incandescente.com.br\\\/blog\\\/#\\\/schema\\\/person\\\/b4d9bfd0253f0cd4d63bfa5b64644fce\"},\"headline\":\"Redes sociais mais usadas: Como elas podem levar a reviver o mito da caverna de Plat\u00e3o?\",\"datePublished\":\"2019-07-04T11:43:49+00:00\",\"dateModified\":\"2023-09-13T22:17:57+00:00\",\"mainEntityOfPage\":{\"@id\":\"https:\\\/\\\/incandescente.com.br\\\/blog\\\/redes-sociais-mais-usadas\\\/\"},\"wordCount\":774,\"commentCount\":0,\"publisher\":{\"@id\":\"https:\\\/\\\/incandescente.com.br\\\/blog\\\/#organization\"},\"image\":{\"@id\":\"https:\\\/\\\/incandescente.com.br\\\/blog\\\/redes-sociais-mais-usadas\\\/#primaryimage\"},\"thumbnailUrl\":\"https:\\\/\\\/incandescente.com.br\\\/blog\\\/wp-content\\\/uploads\\\/2019\\\/10\\\/mito-da-caverna-de-paltao.jpg\",\"keywords\":[\"redes sociais mais usadas\"],\"articleSection\":[\"Marketing Digital\"],\"inLanguage\":\"pt-BR\",\"potentialAction\":[{\"@type\":\"CommentAction\",\"name\":\"Comment\",\"target\":[\"https:\\\/\\\/incandescente.com.br\\\/blog\\\/redes-sociais-mais-usadas\\\/#respond\"]}]},{\"@type\":\"WebPage\",\"@id\":\"https:\\\/\\\/incandescente.com.br\\\/blog\\\/redes-sociais-mais-usadas\\\/\",\"url\":\"https:\\\/\\\/incandescente.com.br\\\/blog\\\/redes-sociais-mais-usadas\\\/\",\"name\":\"Redes sociais mais usadas: Como levam a reviver o mito da caverna?\",\"isPartOf\":{\"@id\":\"https:\\\/\\\/incandescente.com.br\\\/blog\\\/#website\"},\"primaryImageOfPage\":{\"@id\":\"https:\\\/\\\/incandescente.com.br\\\/blog\\\/redes-sociais-mais-usadas\\\/#primaryimage\"},\"image\":{\"@id\":\"https:\\\/\\\/incandescente.com.br\\\/blog\\\/redes-sociais-mais-usadas\\\/#primaryimage\"},\"thumbnailUrl\":\"https:\\\/\\\/incandescente.com.br\\\/blog\\\/wp-content\\\/uploads\\\/2019\\\/10\\\/mito-da-caverna-de-paltao.jpg\",\"datePublished\":\"2019-07-04T11:43:49+00:00\",\"dateModified\":\"2023-09-13T22:17:57+00:00\",\"description\":\"Dias desses, estava um amigo navegando em uma das redes sociais mais usadas e passou na mente dele: o que ser\u00e1 que eu veria na timeline da minha esposa?\",\"breadcrumb\":{\"@id\":\"https:\\\/\\\/incandescente.com.br\\\/blog\\\/redes-sociais-mais-usadas\\\/#breadcrumb\"},\"inLanguage\":\"pt-BR\",\"potentialAction\":[{\"@type\":\"ReadAction\",\"target\":[\"https:\\\/\\\/incandescente.com.br\\\/blog\\\/redes-sociais-mais-usadas\\\/\"]}]},{\"@type\":\"ImageObject\",\"inLanguage\":\"pt-BR\",\"@id\":\"https:\\\/\\\/incandescente.com.br\\\/blog\\\/redes-sociais-mais-usadas\\\/#primaryimage\",\"url\":\"https:\\\/\\\/incandescente.com.br\\\/blog\\\/wp-content\\\/uploads\\\/2019\\\/10\\\/mito-da-caverna-de-paltao.jpg\",\"contentUrl\":\"https:\\\/\\\/incandescente.com.br\\\/blog\\\/wp-content\\\/uploads\\\/2019\\\/10\\\/mito-da-caverna-de-paltao.jpg\",\"width\":1170,\"height\":570,\"caption\":\"redes sociais mais usadas\"},{\"@type\":\"BreadcrumbList\",\"@id\":\"https:\\\/\\\/incandescente.com.br\\\/blog\\\/redes-sociais-mais-usadas\\\/#breadcrumb\",\"itemListElement\":[{\"@type\":\"ListItem\",\"position\":1,\"name\":\"In\u00edcio\",\"item\":\"https:\\\/\\\/incandescente.com.br\\\/blog\\\/\"},{\"@type\":\"ListItem\",\"position\":2,\"name\":\"Redes sociais mais usadas: Como elas podem levar a reviver o mito da caverna de Plat\u00e3o?\"}]},{\"@type\":\"WebSite\",\"@id\":\"https:\\\/\\\/incandescente.com.br\\\/blog\\\/#website\",\"url\":\"https:\\\/\\\/incandescente.com.br\\\/blog\\\/\",\"name\":\"Blog Ag\u00eancia Incandescente\",\"description\":\"Conte\u00fados de Marketing Digital e Inbound Marketing.\",\"publisher\":{\"@id\":\"https:\\\/\\\/incandescente.com.br\\\/blog\\\/#organization\"},\"potentialAction\":[{\"@type\":\"SearchAction\",\"target\":{\"@type\":\"EntryPoint\",\"urlTemplate\":\"https:\\\/\\\/incandescente.com.br\\\/blog\\\/?s={search_term_string}\"},\"query-input\":{\"@type\":\"PropertyValueSpecification\",\"valueRequired\":true,\"valueName\":\"search_term_string\"}}],\"inLanguage\":\"pt-BR\"},{\"@type\":\"Organization\",\"@id\":\"https:\\\/\\\/incandescente.com.br\\\/blog\\\/#organization\",\"name\":\"Blog Ag\u00eancia Incandescente\",\"alternateName\":\"Ag\u00eancia Incandescente\",\"url\":\"https:\\\/\\\/incandescente.com.br\\\/blog\\\/\",\"logo\":{\"@type\":\"ImageObject\",\"inLanguage\":\"pt-BR\",\"@id\":\"https:\\\/\\\/incandescente.com.br\\\/blog\\\/#\\\/schema\\\/logo\\\/image\\\/\",\"url\":\"https:\\\/\\\/incandescente.com.br\\\/blog\\\/wp-content\\\/uploads\\\/2023\\\/10\\\/logo-incand.png\",\"contentUrl\":\"https:\\\/\\\/incandescente.com.br\\\/blog\\\/wp-content\\\/uploads\\\/2023\\\/10\\\/logo-incand.png\",\"width\":1501,\"height\":294,\"caption\":\"Blog Ag\u00eancia Incandescente\"},\"image\":{\"@id\":\"https:\\\/\\\/incandescente.com.br\\\/blog\\\/#\\\/schema\\\/logo\\\/image\\\/\"}},{\"@type\":\"Person\",\"@id\":\"https:\\\/\\\/incandescente.com.br\\\/blog\\\/#\\\/schema\\\/person\\\/b4d9bfd0253f0cd4d63bfa5b64644fce\",\"name\":\"Ag\u00eancia Incandescente\",\"image\":{\"@type\":\"ImageObject\",\"inLanguage\":\"pt-BR\",\"@id\":\"https:\\\/\\\/secure.gravatar.com\\\/avatar\\\/4be7b716693920f4cf8ecb21b332e272427e6bb537e2e9398459f0b1d3c24bc8?s=96&d=wp_user_avatar&r=g\",\"url\":\"https:\\\/\\\/secure.gravatar.com\\\/avatar\\\/4be7b716693920f4cf8ecb21b332e272427e6bb537e2e9398459f0b1d3c24bc8?s=96&d=wp_user_avatar&r=g\",\"contentUrl\":\"https:\\\/\\\/secure.gravatar.com\\\/avatar\\\/4be7b716693920f4cf8ecb21b332e272427e6bb537e2e9398459f0b1d3c24bc8?s=96&d=wp_user_avatar&r=g\",\"caption\":\"Ag\u00eancia Incandescente\"},\"description\":\"A Incandescente \u00e9 uma ag\u00eancia de marketing digital no ABC, que desenvolve estrat\u00e9gias consistentes para que sua empresa se comunique e proporcione experi\u00eancias para o seu potencial cliente, com a participa\u00e7\u00e3o efetiva do seu time de vendas.\",\"url\":\"https:\\\/\\\/incandescente.com.br\\\/blog\\\/autor\\\/blogincand-admin\\\/\"}]}<\/script>\n<!-- \/ Yoast SEO plugin. -->","yoast_head_json":{"title":"Redes sociais mais usadas: Como levam a reviver o mito da caverna?","description":"Dias desses, estava um amigo navegando em uma das redes sociais mais usadas e passou na mente dele: o que ser\u00e1 que eu veria na timeline da minha esposa?","robots":{"index":"index","follow":"follow","max-snippet":"max-snippet:-1","max-image-preview":"max-image-preview:large","max-video-preview":"max-video-preview:-1"},"canonical":"https:\/\/incandescente.com.br\/blog\/redes-sociais-mais-usadas\/","og_locale":"pt_BR","og_type":"article","og_title":"Redes sociais mais usadas: Como levam a reviver o mito da caverna?","og_description":"Dias desses, estava um amigo navegando em uma das redes sociais mais usadas e passou na mente dele: o que ser\u00e1 que eu veria na timeline da minha esposa?","og_url":"https:\/\/incandescente.com.br\/blog\/redes-sociais-mais-usadas\/","og_site_name":"Blog Ag\u00eancia Incandescente","article_published_time":"2019-07-04T11:43:49+00:00","article_modified_time":"2023-09-13T22:17:57+00:00","og_image":[{"width":1170,"height":570,"url":"https:\/\/incandescente.com.br\/blog\/wp-content\/uploads\/2019\/10\/mito-da-caverna-de-paltao.jpg","type":"image\/jpeg"}],"author":"Ag\u00eancia Incandescente","twitter_card":"summary_large_image","twitter_misc":{"Escrito por":"Ag\u00eancia Incandescente","Est. tempo de leitura":"5 minutos"},"schema":{"@context":"https:\/\/schema.org","@graph":[{"@type":"Article","@id":"https:\/\/incandescente.com.br\/blog\/redes-sociais-mais-usadas\/#article","isPartOf":{"@id":"https:\/\/incandescente.com.br\/blog\/redes-sociais-mais-usadas\/"},"author":{"name":"Ag\u00eancia Incandescente","@id":"https:\/\/incandescente.com.br\/blog\/#\/schema\/person\/b4d9bfd0253f0cd4d63bfa5b64644fce"},"headline":"Redes sociais mais usadas: Como elas podem levar a reviver o mito da caverna de Plat\u00e3o?","datePublished":"2019-07-04T11:43:49+00:00","dateModified":"2023-09-13T22:17:57+00:00","mainEntityOfPage":{"@id":"https:\/\/incandescente.com.br\/blog\/redes-sociais-mais-usadas\/"},"wordCount":774,"commentCount":0,"publisher":{"@id":"https:\/\/incandescente.com.br\/blog\/#organization"},"image":{"@id":"https:\/\/incandescente.com.br\/blog\/redes-sociais-mais-usadas\/#primaryimage"},"thumbnailUrl":"https:\/\/incandescente.com.br\/blog\/wp-content\/uploads\/2019\/10\/mito-da-caverna-de-paltao.jpg","keywords":["redes sociais mais usadas"],"articleSection":["Marketing Digital"],"inLanguage":"pt-BR","potentialAction":[{"@type":"CommentAction","name":"Comment","target":["https:\/\/incandescente.com.br\/blog\/redes-sociais-mais-usadas\/#respond"]}]},{"@type":"WebPage","@id":"https:\/\/incandescente.com.br\/blog\/redes-sociais-mais-usadas\/","url":"https:\/\/incandescente.com.br\/blog\/redes-sociais-mais-usadas\/","name":"Redes sociais mais usadas: Como levam a reviver o mito da caverna?","isPartOf":{"@id":"https:\/\/incandescente.com.br\/blog\/#website"},"primaryImageOfPage":{"@id":"https:\/\/incandescente.com.br\/blog\/redes-sociais-mais-usadas\/#primaryimage"},"image":{"@id":"https:\/\/incandescente.com.br\/blog\/redes-sociais-mais-usadas\/#primaryimage"},"thumbnailUrl":"https:\/\/incandescente.com.br\/blog\/wp-content\/uploads\/2019\/10\/mito-da-caverna-de-paltao.jpg","datePublished":"2019-07-04T11:43:49+00:00","dateModified":"2023-09-13T22:17:57+00:00","description":"Dias desses, estava um amigo navegando em uma das redes sociais mais usadas e passou na mente dele: o que ser\u00e1 que eu veria na timeline da minha esposa?","breadcrumb":{"@id":"https:\/\/incandescente.com.br\/blog\/redes-sociais-mais-usadas\/#breadcrumb"},"inLanguage":"pt-BR","potentialAction":[{"@type":"ReadAction","target":["https:\/\/incandescente.com.br\/blog\/redes-sociais-mais-usadas\/"]}]},{"@type":"ImageObject","inLanguage":"pt-BR","@id":"https:\/\/incandescente.com.br\/blog\/redes-sociais-mais-usadas\/#primaryimage","url":"https:\/\/incandescente.com.br\/blog\/wp-content\/uploads\/2019\/10\/mito-da-caverna-de-paltao.jpg","contentUrl":"https:\/\/incandescente.com.br\/blog\/wp-content\/uploads\/2019\/10\/mito-da-caverna-de-paltao.jpg","width":1170,"height":570,"caption":"redes sociais mais usadas"},{"@type":"BreadcrumbList","@id":"https:\/\/incandescente.com.br\/blog\/redes-sociais-mais-usadas\/#breadcrumb","itemListElement":[{"@type":"ListItem","position":1,"name":"In\u00edcio","item":"https:\/\/incandescente.com.br\/blog\/"},{"@type":"ListItem","position":2,"name":"Redes sociais mais usadas: Como elas podem levar a reviver o mito da caverna de Plat\u00e3o?"}]},{"@type":"WebSite","@id":"https:\/\/incandescente.com.br\/blog\/#website","url":"https:\/\/incandescente.com.br\/blog\/","name":"Blog Ag\u00eancia Incandescente","description":"Conte\u00fados de Marketing Digital e Inbound Marketing.","publisher":{"@id":"https:\/\/incandescente.com.br\/blog\/#organization"},"potentialAction":[{"@type":"SearchAction","target":{"@type":"EntryPoint","urlTemplate":"https:\/\/incandescente.com.br\/blog\/?s={search_term_string}"},"query-input":{"@type":"PropertyValueSpecification","valueRequired":true,"valueName":"search_term_string"}}],"inLanguage":"pt-BR"},{"@type":"Organization","@id":"https:\/\/incandescente.com.br\/blog\/#organization","name":"Blog Ag\u00eancia Incandescente","alternateName":"Ag\u00eancia Incandescente","url":"https:\/\/incandescente.com.br\/blog\/","logo":{"@type":"ImageObject","inLanguage":"pt-BR","@id":"https:\/\/incandescente.com.br\/blog\/#\/schema\/logo\/image\/","url":"https:\/\/incandescente.com.br\/blog\/wp-content\/uploads\/2023\/10\/logo-incand.png","contentUrl":"https:\/\/incandescente.com.br\/blog\/wp-content\/uploads\/2023\/10\/logo-incand.png","width":1501,"height":294,"caption":"Blog Ag\u00eancia Incandescente"},"image":{"@id":"https:\/\/incandescente.com.br\/blog\/#\/schema\/logo\/image\/"}},{"@type":"Person","@id":"https:\/\/incandescente.com.br\/blog\/#\/schema\/person\/b4d9bfd0253f0cd4d63bfa5b64644fce","name":"Ag\u00eancia Incandescente","image":{"@type":"ImageObject","inLanguage":"pt-BR","@id":"https:\/\/secure.gravatar.com\/avatar\/4be7b716693920f4cf8ecb21b332e272427e6bb537e2e9398459f0b1d3c24bc8?s=96&d=wp_user_avatar&r=g","url":"https:\/\/secure.gravatar.com\/avatar\/4be7b716693920f4cf8ecb21b332e272427e6bb537e2e9398459f0b1d3c24bc8?s=96&d=wp_user_avatar&r=g","contentUrl":"https:\/\/secure.gravatar.com\/avatar\/4be7b716693920f4cf8ecb21b332e272427e6bb537e2e9398459f0b1d3c24bc8?s=96&d=wp_user_avatar&r=g","caption":"Ag\u00eancia Incandescente"},"description":"A Incandescente \u00e9 uma ag\u00eancia de marketing digital no ABC, que desenvolve estrat\u00e9gias consistentes para que sua empresa se comunique e proporcione experi\u00eancias para o seu potencial cliente, com a participa\u00e7\u00e3o efetiva do seu time de vendas.","url":"https:\/\/incandescente.com.br\/blog\/autor\/blogincand-admin\/"}]}},"_links":{"self":[{"href":"https:\/\/incandescente.com.br\/blog\/wp-json\/wp\/v2\/posts\/752","targetHints":{"allow":["GET"]}}],"collection":[{"href":"https:\/\/incandescente.com.br\/blog\/wp-json\/wp\/v2\/posts"}],"about":[{"href":"https:\/\/incandescente.com.br\/blog\/wp-json\/wp\/v2\/types\/post"}],"author":[{"embeddable":true,"href":"https:\/\/incandescente.com.br\/blog\/wp-json\/wp\/v2\/users\/1"}],"replies":[{"embeddable":true,"href":"https:\/\/incandescente.com.br\/blog\/wp-json\/wp\/v2\/comments?post=752"}],"version-history":[{"count":1,"href":"https:\/\/incandescente.com.br\/blog\/wp-json\/wp\/v2\/posts\/752\/revisions"}],"predecessor-version":[{"id":4387,"href":"https:\/\/incandescente.com.br\/blog\/wp-json\/wp\/v2\/posts\/752\/revisions\/4387"}],"wp:featuredmedia":[{"embeddable":true,"href":"https:\/\/incandescente.com.br\/blog\/wp-json\/wp\/v2\/media\/1133"}],"wp:attachment":[{"href":"https:\/\/incandescente.com.br\/blog\/wp-json\/wp\/v2\/media?parent=752"}],"wp:term":[{"taxonomy":"category","embeddable":true,"href":"https:\/\/incandescente.com.br\/blog\/wp-json\/wp\/v2\/categories?post=752"},{"taxonomy":"post_tag","embeddable":true,"href":"https:\/\/incandescente.com.br\/blog\/wp-json\/wp\/v2\/tags?post=752"}],"curies":[{"name":"wp","href":"https:\/\/api.w.org\/{rel}","templated":true}]}}